{"id":113374,"date":"2021-03-19T14:11:00","date_gmt":"2021-03-19T18:11:00","guid":{"rendered":"https:\/\/linitiative.ca\/International\/lancement-de-ce-qui-nous-rassemble-lemission-qui-fait-vivre-le-debat-francophone-sur-rtci\/"},"modified":"2021-03-19T14:11:00","modified_gmt":"2021-03-19T18:11:00","slug":"lancement-de-ce-qui-nous-rassemble-lemission-qui-fait-vivre-le-debat-francophone-sur-rtci","status":"publish","type":"post","link":"https:\/\/linitiative.ca\/International\/lancement-de-ce-qui-nous-rassemble-lemission-qui-fait-vivre-le-debat-francophone-sur-rtci\/","title":{"rendered":"Lancement de \u00abce qui nous rassemble\u00bb l\u2019\u00e9mission qui fait vivre le d\u00e9bat francophone sur RTCI"},"content":{"rendered":"<p>Vendredi 19 mars \u00e0 17H00, \u00e0 l&rsquo;occasion de la Semaine de la langue fran\u00e7aise et de la francophonie qui se d\u00e9roule partout dans le monde, d\u00e9couvrez le premier num\u00e9ro de Ce qui nous rassemble(#CQNR), le nouveau rendez-vous de RTCI enti\u00e8rement d\u00e9di\u00e9 \u00e0 la francophonie, avec le soutien de l&rsquo;Institut Fran\u00e7ais de Tunisie.<\/p>\n<p>A quelques mois du Sommet de Djerba, Anis Morai vous donnera toutes les clefs pour comprendre cet \u00e9v\u00e9nement historique. Deux fois par mois le vendredi \u00e0 17H00 et en direct, trois invit\u00e9s issus de trois pays francophones diff\u00e9rents viendront d\u00e9battre des grands sujets du moment : politique, \u00e9conomie, environnement, culture, etc. Quelles r\u00e9ponses communes inventer de Tunis \u00e0 Dakar, en passant par Montr\u00e9al ou Hanoi ? Et \u00e0 quoi peut servir la francophonie au 21\u00e8me si\u00e8cle ?<\/p>\n<p>A l\u2019occasion de la premi\u00e8re, Anis Morai \u00e9voquera les pr\u00e9paratifs du Sommet en Tunisie et les enjeux de cette manifestation avec :<\/p>\n<p class=\"c3\"><span class=\"c2\"><strong>\u2022<\/strong><\/span> Mme SarraMaaouia, Conseill\u00e8re charg\u00e9e de la coop\u00e9ration diplomatique aupr\u00e8s du pr\u00e9sident de la R\u00e9publique<\/p>\n<p class=\"c3\"><span class=\"c2\"><strong>\u2022<\/strong><\/span> S.E.M Karima Bardaoui, Ambassadrice, directrice des Am\u00e9riques au Minist\u00e8re des Affaires \u00c9trang\u00e8res<\/p>\n<p class=\"c3\"><span class=\"c2\"><strong>\u2022<\/strong><\/span> S.E.M Christian Ter-Stepanian, Ambassadeur, repr\u00e9sentant du premier ministre de la R\u00e9publique d\u2019Arm\u00e9nie aupr\u00e8s de l\u2019OIF et d\u00e9l\u00e9gu\u00e9 permanant aupr\u00e9s de l\u2019UNESCO.<\/p>\n<p>Ce qui nous rassemble, qui sera sous la houlette de Samir Marzouki, c&rsquo;est aussi des reportages, des chroniques, des jeux propos\u00e9s par la bande r\u00e9unie autour d&rsquo;Anis Morai, avec:<\/p>\n<p class=\"c3\"><span class=\"c2\"><strong>\u2022<\/strong><\/span> D&rsquo;ici et d&rsquo;ailleurs- La revue de presse internationale d&rsquo;Han\u00e8neChaabane<\/p>\n<p class=\"c3\"><span class=\"c2\"><strong>\u2022<\/strong><\/span> Le Focus- Le reportage d&rsquo;OussimaBouchiba<\/p>\n<p class=\"c3\"><span class=\"c2\"><strong>\u2022<\/strong><\/span> L&rsquo;\u0153il de Shiran- L&rsquo;actualit\u00e9 des industries culturelles et cr\u00e9atives francophones par le directeur de la fondation Rambourg, Shiran Ben Abderrazak.<\/p>\n<p class=\"c3\"><span class=\"c2\"><strong>\u2022<\/strong><\/span> La langue du chef- Une histoire et une recette \u00e0 la sauce de Mounir Arem, le c\u00e9l\u00e8bre chef du restaurant \u00ab\u00a0Le Baroque\u00a0\u00bb \u00e0 Tunis<\/p>\n<p class=\"c3\"><span class=\"c2\"><strong>\u2022<\/strong><\/span> Jouons chouia- \u00cates-vous pr\u00eat \u00e0 relever les d\u00e9fis d&rsquo;Anis Morai ?<\/p>\n<p>La Francophonie comme vous ne l&rsquo;avez jamais vue, c&rsquo;est dans Ce qui nous rassemble, sur RTCI.<br \/>\u00a0<\/p>\n<p>\u00a0<br \/>\u00a0\u00a0 \u00a0<\/p>\n<p>Auteur:<br \/>\n<a href=\"https:\/\/www.leaders.com.tn\/article\/31601-lancement-de-ce-qui-nous-rassemble-l-emission-qui-fait-vivre-le-debat-francophone-sur-rtci\">Cliquez ici pour lire l&rsquo;article depuis sa source.<\/a><\/p>\n","protected":false},"excerpt":{"rendered":"<p>Vendredi 19 mars \u00e0 17H00, \u00e0 l&rsquo;occasion de la Semaine de la langue fran\u00e7aise et de la francophonie qui se d\u00e9roule partout dans le monde, d\u00e9couvrez le premier num\u00e9ro de Ce qui nous rassemble(#CQNR), le nouveau rendez-vous de RTCI enti\u00e8rement d\u00e9di\u00e9 \u00e0 la francophonie, avec le soutien de l&rsquo;Institut Fran\u00e7ais de Tunisie. A quelques mois [&hellip;]<\/p>\n","protected":false},"author":1772,"featured_media":0,"comment_status":"closed","ping_status":"closed","sticky":false,"template":"","format":"standard","meta":{"fifu_image_url":"","fifu_image_alt":"","footnotes":""},"categories":[73,55],"tags":[],"class_list":["post-113374","post","type-post","status-publish","format-standard","hentry","category-actualite","category-tunisie"],"_links":{"self":[{"href":"https:\/\/linitiative.ca\/International\/wp-json\/wp\/v2\/posts\/113374","targetHints":{"allow":["GET"]}}],"collection":[{"href":"https:\/\/linitiative.ca\/International\/wp-json\/wp\/v2\/posts"}],"about":[{"href":"https:\/\/linitiative.ca\/International\/wp-json\/wp\/v2\/types\/post"}],"author":[{"embeddable":true,"href":"https:\/\/linitiative.ca\/International\/wp-json\/wp\/v2\/users\/1772"}],"replies":[{"embeddable":true,"href":"https:\/\/linitiative.ca\/International\/wp-json\/wp\/v2\/comments?post=113374"}],"version-history":[{"count":0,"href":"https:\/\/linitiative.ca\/International\/wp-json\/wp\/v2\/posts\/113374\/revisions"}],"wp:attachment":[{"href":"https:\/\/linitiative.ca\/International\/wp-json\/wp\/v2\/media?parent=113374"}],"wp:term":[{"taxonomy":"category","embeddable":true,"href":"https:\/\/linitiative.ca\/International\/wp-json\/wp\/v2\/categories?post=113374"},{"taxonomy":"post_tag","embeddable":true,"href":"https:\/\/linitiative.ca\/International\/wp-json\/wp\/v2\/tags?post=113374"}],"curies":[{"name":"wp","href":"https:\/\/api.w.org\/{rel}","templated":true}]}}