{"id":113377,"date":"2021-03-19T14:50:00","date_gmt":"2021-03-19T18:50:00","guid":{"rendered":"https:\/\/linitiative.ca\/International\/amelioration-du-climat-des-affaires-le-processus-de-modernisation-du-systeme-de-registre-du-commerce-sur-les-bons-rails\/"},"modified":"2021-03-19T14:50:00","modified_gmt":"2021-03-19T18:50:00","slug":"amelioration-du-climat-des-affaires-le-processus-de-modernisation-du-systeme-de-registre-du-commerce-sur-les-bons-rails","status":"publish","type":"post","link":"https:\/\/linitiative.ca\/International\/amelioration-du-climat-des-affaires-le-processus-de-modernisation-du-systeme-de-registre-du-commerce-sur-les-bons-rails\/","title":{"rendered":"Am\u00e9lioration du climat des affaires :  le processus de modernisation du syst\u00e8me de registre du commerce sur les bons rails"},"content":{"rendered":"<p><strong>Un projet de d\u00e9cret relatif \u00e0 la publicit\u00e9 au registre du commerce \u00e9lectronique adopt\u00e9 en conseil de gouvernement. Ce d\u00e9cret vient appuyer le processus de d\u00e9mat\u00e9rialisation et de modernisation du syst\u00e8me de registre du commerce.<\/strong><\/p>\n<div class=\"c10\">\n<\/div>\n<p>L\u2019Ex\u00e9cutif poursuit les efforts visant la consolidation des efforts d\u00e9ploy\u00e9s pour l\u2019am\u00e9lioration du climat des affaires. Dans ce sens, le Conseil de gouvernement, tenu le 18 mars, a approuv\u00e9 le projet de d\u00e9cret n\u00b02.20.956 portant application des dispositions relatives \u00e0 la publicit\u00e9 au registre du commerce \u00e9lectronique et au d\u00e9p\u00f4t \u00e9lectronique des \u00e9tats de synth\u00e8se des entreprises. Il s\u2019agit d\u2019un d\u00e9cret qui s\u2019inscrit dans \u00a0le cadre de l\u2019ex\u00e9cution des Hautes Directives Royales visant \u00e0 mettre en place une strat\u00e9gie nationale globale pour am\u00e9liorer le climat des affaires, r\u00e9aliser la relance \u00e9conomique et revitaliser l\u2019\u00e9conomie, a indiqu\u00e9 Said Amzazi, porte-parole du gouvernement.<\/p>\n<p><strong>Lire aussi|<a href=\"https:\/\/www.challenge.ma\/bmci-et-aradei-capital-signent-un-partenariat-strategique-178749\/\">BMCI et Aradei Capital signent un partenariat strat\u00e9gique<\/a><\/strong><\/p>\n<p>\u00ab\u00a0Il s\u2019inscrit \u00e9galement dans le cadre de la mise en \u0153uvre de la strat\u00e9gie de l\u2019\u00c9tat visant \u00e0 simplifier les proc\u00e9dures et les services administratifs et encourager l\u2019acc\u00e8s aux services \u00e9lectroniques, eu \u00e9gard \u00e0 leur importance et leur r\u00f4le dans le renforcement de la transparence et la garantie de la c\u00e9l\u00e9rit\u00e9, l\u2019efficience et l\u2019efficacit\u00e9\u00a0\u00bb, a-t-il ajout\u00e9. Force est de noter que ce d\u00e9cret apporte des nouveaut\u00e9s importantes, notamment l\u2019adoption d\u2019un seul texte r\u00e9glementaire int\u00e9grant toutes les dispositions r\u00e9glementaires relatives au registre du commerce et au d\u00e9p\u00f4t \u00e9lectronique des \u00e9tats de synth\u00e8se des entreprises. Ces nouveaut\u00e9s concernent aussi l\u2019adoption de nouveaux mod\u00e8les de d\u00e9claration d\u2019inscription au registre du commerce r\u00e9pondant aux nouvelles dispositions relatives \u00e0 la cr\u00e9ation d\u2019entreprises par voie \u00e9lectronique, ainsi qu\u2019aux inscriptions ult\u00e9rieures qui y sont li\u00e9es.<\/p>\n<p><strong>Lire aussi|<a href=\"https:\/\/www.challenge.ma\/wafa-assurance-montee-en-puissance-des-filiales-africaines-a-fin-2020-178709\/\">Wafa Assurance : mont\u00e9e en puissance des filiales africaines \u00e0 fin 2020<\/a><\/strong><\/p>\n<p>Selon Said Amzazi, il s\u2019agit \u00e9galement de d\u00e9terminer la modalit\u00e9 d\u2019inscription au registre du commerce et de la preuve de cette inscription, en cr\u00e9ant un nouveau document appel\u00e9 \u00ab\u00a0attestation d\u2019inscription\u00a0\u00bb, re\u00e7u par le d\u00e9clarant via la plateforme \u00e9lectronique et sign\u00e9 \u00e9lectroniquement par le secr\u00e9taire-greffier, prouvant ainsi l\u2019inscription mentionn\u00e9e. Le gouvernement estime que ces nouveaut\u00e9s constitueront une valeur ajout\u00e9e \u00e0 l\u2019arsenal juridique national r\u00e9gissant le domaine de la finance et des affaires et contribueront au d\u00e9veloppement et \u00e0 la modernisation du syst\u00e8me de registre du commerce. \u00ab\u00a0Lesdites nouveaut\u00e9s impacteront positivement le classement du Royaume dans le Doing Business et garantiront un environnement propice \u00e0 l\u2019investissement, \u00e0 la cr\u00e9ation des richesses et \u00e0 la r\u00e9alisation du d\u00e9veloppement\u00a0\u00bb, a conclu Said Amzazi.<\/p>\n<p>Auteur: challenge<br \/>\n<a href=\"https:\/\/www.challenge.ma\/amelioration-du-climat-des-affaires-le-processus-de-modernisation-du-systeme-de-registre-du-commerce-sur-les-bons-rails-178795\/\">Cliquez ici pour lire l&rsquo;article depuis sa source.<\/a><\/p>\n","protected":false},"excerpt":{"rendered":"<p>Un projet de d\u00e9cret relatif \u00e0 la publicit\u00e9 au registre du commerce \u00e9lectronique adopt\u00e9 en conseil de gouvernement. Ce d\u00e9cret vient appuyer le processus de d\u00e9mat\u00e9rialisation et de modernisation du syst\u00e8me de registre du commerce. L\u2019Ex\u00e9cutif poursuit les efforts visant la consolidation des efforts d\u00e9ploy\u00e9s pour l\u2019am\u00e9lioration du climat des affaires. Dans ce sens, le [&hellip;]<\/p>\n","protected":false},"author":1787,"featured_media":0,"comment_status":"closed","ping_status":"closed","sticky":false,"template":"","format":"standard","meta":{"fifu_image_url":"","fifu_image_alt":"","footnotes":""},"categories":[78,54],"tags":[],"class_list":["post-113377","post","type-post","status-publish","format-standard","hentry","category-economie","category-maroc"],"_links":{"self":[{"href":"https:\/\/linitiative.ca\/International\/wp-json\/wp\/v2\/posts\/113377","targetHints":{"allow":["GET"]}}],"collection":[{"href":"https:\/\/linitiative.ca\/International\/wp-json\/wp\/v2\/posts"}],"about":[{"href":"https:\/\/linitiative.ca\/International\/wp-json\/wp\/v2\/types\/post"}],"author":[{"embeddable":true,"href":"https:\/\/linitiative.ca\/International\/wp-json\/wp\/v2\/users\/1787"}],"replies":[{"embeddable":true,"href":"https:\/\/linitiative.ca\/International\/wp-json\/wp\/v2\/comments?post=113377"}],"version-history":[{"count":0,"href":"https:\/\/linitiative.ca\/International\/wp-json\/wp\/v2\/posts\/113377\/revisions"}],"wp:attachment":[{"href":"https:\/\/linitiative.ca\/International\/wp-json\/wp\/v2\/media?parent=113377"}],"wp:term":[{"taxonomy":"category","embeddable":true,"href":"https:\/\/linitiative.ca\/International\/wp-json\/wp\/v2\/categories?post=113377"},{"taxonomy":"post_tag","embeddable":true,"href":"https:\/\/linitiative.ca\/International\/wp-json\/wp\/v2\/tags?post=113377"}],"curies":[{"name":"wp","href":"https:\/\/api.w.org\/{rel}","templated":true}]}}