{"id":113380,"date":"2021-03-19T16:23:29","date_gmt":"2021-03-19T20:23:29","guid":{"rendered":"https:\/\/linitiative.ca\/International\/tunisie-saied-accorde-la-grace-presidentielle-a-1521-detenus\/"},"modified":"2021-03-19T16:23:29","modified_gmt":"2021-03-19T20:23:29","slug":"tunisie-saied-accorde-la-grace-presidentielle-a-1521-detenus","status":"publish","type":"post","link":"https:\/\/linitiative.ca\/International\/tunisie-saied-accorde-la-grace-presidentielle-a-1521-detenus\/","title":{"rendered":"Tunisie \u2013 Sa\u00efed accorde la gr\u00e2ce pr\u00e9sidentielle \u00e0 1521 d\u00e9tenus"},"content":{"rendered":"<div>\n<p>Le pr\u00e9sident de la R\u00e9publique, Ka\u00efs Sa\u00efed a sign\u00e9, ce vendredi, lors d\u2019un entretien accord\u00e9 \u00e0 la ministre de la Justice par int\u00e9rim, un d\u00e9cret accordant la gr\u00e2ce pr\u00e9sidentielle \u00e0 1521 d\u00e9tenus, \u00e0 l\u2019occasion de la comm\u00e9moration de la f\u00eate de l\u2019ind\u00e9pendance. Par la foi de cette gr\u00e2ce, 389 prisonniers pourront profiter d\u2019une lib\u00e9ration anticip\u00e9e [\u2026]<\/p>\n<p>L\u2019article <a href=\"https:\/\/www.tunisienumerique.com\/tunisie-saied-accorde-la-grace-presidentielle-a-1521-detenus\/\">Tunisie \u2013 Sa\u00efed accorde la gr\u00e2ce pr\u00e9sidentielle \u00e0 1521 d\u00e9tenus<\/a> est apparu en premier sur <a href=\"https:\/\/www.tunisienumerique.com\/\">Tunisie<\/a>.<\/p>\n<\/div>\n<p>Auteur: LM<br \/>\n<a href=\"https:\/\/www.tunisienumerique.com\/tunisie-saied-accorde-la-grace-presidentielle-a-1521-detenus\/\">Cliquez ici pour lire l&rsquo;article depuis sa source.<\/a><\/p>\n","protected":false},"excerpt":{"rendered":"<p>Le pr\u00e9sident de la R\u00e9publique, Ka\u00efs Sa\u00efed a sign\u00e9, ce vendredi, lors d\u2019un entretien accord\u00e9 \u00e0 la ministre de la Justice par int\u00e9rim, un d\u00e9cret accordant la gr\u00e2ce pr\u00e9sidentielle \u00e0 1521 d\u00e9tenus, \u00e0 l\u2019occasion de la comm\u00e9moration de la f\u00eate de l\u2019ind\u00e9pendance. Par la foi de cette gr\u00e2ce, 389 prisonniers pourront profiter d\u2019une lib\u00e9ration anticip\u00e9e [&hellip;]<\/p>\n","protected":false},"author":1789,"featured_media":0,"comment_status":"closed","ping_status":"closed","sticky":false,"template":"","format":"standard","meta":{"fifu_image_url":"","fifu_image_alt":"","footnotes":""},"categories":[73,55],"tags":[],"class_list":["post-113380","post","type-post","status-publish","format-standard","hentry","category-actualite","category-tunisie"],"_links":{"self":[{"href":"https:\/\/linitiative.ca\/International\/wp-json\/wp\/v2\/posts\/113380","targetHints":{"allow":["GET"]}}],"collection":[{"href":"https:\/\/linitiative.ca\/International\/wp-json\/wp\/v2\/posts"}],"about":[{"href":"https:\/\/linitiative.ca\/International\/wp-json\/wp\/v2\/types\/post"}],"author":[{"embeddable":true,"href":"https:\/\/linitiative.ca\/International\/wp-json\/wp\/v2\/users\/1789"}],"replies":[{"embeddable":true,"href":"https:\/\/linitiative.ca\/International\/wp-json\/wp\/v2\/comments?post=113380"}],"version-history":[{"count":0,"href":"https:\/\/linitiative.ca\/International\/wp-json\/wp\/v2\/posts\/113380\/revisions"}],"wp:attachment":[{"href":"https:\/\/linitiative.ca\/International\/wp-json\/wp\/v2\/media?parent=113380"}],"wp:term":[{"taxonomy":"category","embeddable":true,"href":"https:\/\/linitiative.ca\/International\/wp-json\/wp\/v2\/categories?post=113380"},{"taxonomy":"post_tag","embeddable":true,"href":"https:\/\/linitiative.ca\/International\/wp-json\/wp\/v2\/tags?post=113380"}],"curies":[{"name":"wp","href":"https:\/\/api.w.org\/{rel}","templated":true}]}}