{"id":113389,"date":"2021-03-19T13:17:59","date_gmt":"2021-03-19T17:17:59","guid":{"rendered":"https:\/\/linitiative.ca\/International\/secteur-de-lelectricite-ce-qui-va-changer-avec-larrivee-deneo-genco\/"},"modified":"2021-03-19T13:17:59","modified_gmt":"2021-03-19T17:17:59","slug":"secteur-de-lelectricite-ce-qui-va-changer-avec-larrivee-deneo-genco","status":"publish","type":"post","link":"https:\/\/linitiative.ca\/International\/secteur-de-lelectricite-ce-qui-va-changer-avec-larrivee-deneo-genco\/","title":{"rendered":"Secteur de l\u2019\u00e9lectricit\u00e9 : ce qui va changer avec l\u2019arriv\u00e9e d\u2019Eneo-Genco"},"content":{"rendered":"<p>Au mois d\u2019avril prochain, l\u2019entreprise Energy of Cameroon (Eneo), le concessionnaire du service public de la production et de la distribution de l\u2019\u00e9nergie \u00e9lectrique au Cameroun, va proc\u00e9der au lancement des activit\u00e9s de sa nouvelle structure de production, d\u00e9nomm\u00e9e Energy of Cameroon Generation Company (Eneo-Genco). Celle-ci dispose d\u00e9j\u00e0 d\u2019une base d\u2019existence l\u00e9gale consacr\u00e9e par son inscription au Registre du commerce et du cr\u00e9dit mobilier en f\u00e9vrier dernier, conform\u00e9ment aux exigences de l\u2019avenant n\u00b03 au contrat cadre de concession liant l\u2019Etat du Cameroun \u00e0 Eneo, sign\u00e9 en 2018, et qui prolonge la dur\u00e9e d\u2019extension du contrat du 18 juillet 2021 au 17 juillet 2031.<\/p>\n<p><strong>Lire aussi<\/strong> : <a href=\"https:\/\/ecomatin.net\/eneo-cree-une-nouvelle-entite-en-charge-de-la-production-de-lelectricite\/\">Eneo cr\u00e9e une nouvelle entit\u00e9 en charge de la production de l\u2019\u00e9lectricit\u00e9<\/a><\/p>\n<p>Cette innovation participe du \u00ab d\u00e9groupage \u00bb des activit\u00e9s de l\u2019entreprise Eneo, conform\u00e9ment \u00e0 la loi n\u00b02011\/022 du 14 d\u00e9cembre 2011 r\u00e9gissant le secteur de l\u2019\u00e9lectricit\u00e9. Concr\u00e8tement, la filiale d\u2019Eneo va intervenir dans ses activit\u00e9s de production d\u2019\u00e9nergie, avec notamment la gestion de ses centrales \u00e9lectriques, alors que cette pr\u00e9rogative \u00e9tait juridiquement d\u00e9volue \u00e0 la structure dont les actions sont majoritairement d\u00e9tenues par le britannique Actis. D\u2019apr\u00e8s le rapport 2019 d\u2019Eneo, l\u2019entreprise assurait 65,42% de la production d\u2019\u00e9nergie \u00e9lectrique sur le territoire camerounais. Eneo-Genco devra prendre la rel\u00e8ve pour tenter d\u2019augmenter cette capacit\u00e9 de production. Quatre autres acteurs op\u00e8rent dans la production, en l\u2019occurrence Memve\u2019Ele via Electricity Development Corporation (13,82%), Kribi Power Development Corporation (14,15%), Dibamba Power Development Corporation (5,63%) et Aggreko 0,98%.<\/p>\n<p><strong>Monopole de la distribution<\/strong><\/p>\n<p>Dans le triptyque production-transport-distribution, la Soci\u00e9t\u00e9 nationale de transport de l\u2019\u00e9lectricit\u00e9 du Cameroun (Sonatrel) cr\u00e9\u00e9e en 2015 assure le transport de l\u2019\u00e9nergie, tandis que la distribution est exclusivement d\u00e9volue \u00e0 Eneo. C\u2019est \u00e0 cette seule activit\u00e9 qu\u2019elle sera dor\u00e9navant engag\u00e9e, et se chargera de collecter les recettes g\u00e9n\u00e9r\u00e9es par la consommation \u00e9lectrique aux fins de redistribution aux diff\u00e9rents acteurs du secteur de l\u2019\u00e9lectricit\u00e9. Un privil\u00e8ge qui lui est r\u00e9guli\u00e8rement contest\u00e9, tant de nombreux observateurs estiment que le volet distribution devrait \u00e9galement \u00eatre lib\u00e9ralis\u00e9.<\/p>\n<p><strong>Lire aussi<\/strong> : <a href=\"https:\/\/ecomatin.net\/eneo-enregistre-pres-de-800-millions-de-f-de-pertes-en-deux-mois-a-cause-des-feux-de-brousse\/\">Eneo enregistre pr\u00e8s de 800 millions de F de pertes en deux mois \u00e0 cause des feux de brousse<\/a><\/p>\n<p>\u00ab Une aberration dans le principe. Le march\u00e9 de la distribution devrait \u00eatre lib\u00e9ralis\u00e9, sauf que Eneo a r\u00e9ussi \u00e0 n\u00e9gocier le monopole sur la distribution, et \u00e7a pourrait poser des probl\u00e8mes \u00e0 l\u2019avenir parce que Eneo devient collecteur unique. EDC qui est aussi producteur d\u2019\u00e9nergie par exemple, attendra d\u00e9sormais d\u2019Eneo qu\u2019elle lui reverse sa quote-part de recettes, et \u00e7a sera le cas avec tous autres producteurs \u00bb, analyse un cadre d\u2019une des structures de production, sous couvert d\u2019anonymat. Selon cet analyste, rien ne devrait \u00e0 la r\u00e9alit\u00e9 changer avec la venue d\u2019Eneo-Genco car, la structure inf\u00e9od\u00e9e \u00e0 Eneo, sera administr\u00e9e par l\u2019actuel directeur g\u00e9n\u00e9ral d\u2019Eneo, le Fran\u00e7ais Eric Mansuy.<\/p>\n<p><strong>Lire aussi<\/strong> : <a href=\"https:\/\/ecomatin.net\/energie-electrique-des-installations-deneo-volent-en-fumee\/\">Energie \u00e9lectrique : des installations d\u2019Eneo volent en fum\u00e9e<\/a><\/p>\n<p>Auteur: Yannick KENNE<br \/>\n<a href=\"https:\/\/ecomatin.net\/secteur-de-lelectricite-ce-qui-va-changer-avec-larrivee-deneo-genco\/\">Cliquez ici pour lire l&rsquo;article depuis sa source.<\/a><\/p>\n","protected":false},"excerpt":{"rendered":"<p>Au mois d\u2019avril prochain, l\u2019entreprise Energy of Cameroon (Eneo), le concessionnaire du service public de la production et de la distribution de l\u2019\u00e9nergie \u00e9lectrique au Cameroun, va proc\u00e9der au lancement des activit\u00e9s de sa nouvelle structure de production, d\u00e9nomm\u00e9e Energy of Cameroon Generation Company (Eneo-Genco). Celle-ci dispose d\u00e9j\u00e0 d\u2019une base d\u2019existence l\u00e9gale consacr\u00e9e par son [&hellip;]<\/p>\n","protected":false},"author":1969,"featured_media":0,"comment_status":"closed","ping_status":"closed","sticky":false,"template":"","format":"standard","meta":{"fifu_image_url":"","fifu_image_alt":"","footnotes":""},"categories":[82,78],"tags":[],"class_list":["post-113389","post","type-post","status-publish","format-standard","hentry","category-cameroun","category-economie"],"_links":{"self":[{"href":"https:\/\/linitiative.ca\/International\/wp-json\/wp\/v2\/posts\/113389","targetHints":{"allow":["GET"]}}],"collection":[{"href":"https:\/\/linitiative.ca\/International\/wp-json\/wp\/v2\/posts"}],"about":[{"href":"https:\/\/linitiative.ca\/International\/wp-json\/wp\/v2\/types\/post"}],"author":[{"embeddable":true,"href":"https:\/\/linitiative.ca\/International\/wp-json\/wp\/v2\/users\/1969"}],"replies":[{"embeddable":true,"href":"https:\/\/linitiative.ca\/International\/wp-json\/wp\/v2\/comments?post=113389"}],"version-history":[{"count":0,"href":"https:\/\/linitiative.ca\/International\/wp-json\/wp\/v2\/posts\/113389\/revisions"}],"wp:attachment":[{"href":"https:\/\/linitiative.ca\/International\/wp-json\/wp\/v2\/media?parent=113389"}],"wp:term":[{"taxonomy":"category","embeddable":true,"href":"https:\/\/linitiative.ca\/International\/wp-json\/wp\/v2\/categories?post=113389"},{"taxonomy":"post_tag","embeddable":true,"href":"https:\/\/linitiative.ca\/International\/wp-json\/wp\/v2\/tags?post=113389"}],"curies":[{"name":"wp","href":"https:\/\/api.w.org\/{rel}","templated":true}]}}