{"id":113390,"date":"2021-03-19T14:10:01","date_gmt":"2021-03-19T18:10:01","guid":{"rendered":"https:\/\/linitiative.ca\/International\/le-projet-agropole-de-bankim-envisage-une-production-annuelle-de-3500-tonnes-de-mais\/"},"modified":"2021-03-19T14:10:01","modified_gmt":"2021-03-19T18:10:01","slug":"le-projet-agropole-de-bankim-envisage-une-production-annuelle-de-3500-tonnes-de-mais","status":"publish","type":"post","link":"https:\/\/linitiative.ca\/International\/le-projet-agropole-de-bankim-envisage-une-production-annuelle-de-3500-tonnes-de-mais\/","title":{"rendered":"Le Projet Agropole de Bankim envisage une production annuelle de 3500 tonnes de ma\u00efs"},"content":{"rendered":"<p>Le 18 mars 2021, marque une nouvelle \u00e8re pour la culture du ma\u00efs dans l\u2019arrondissement de Bankim,\u00a0d\u00e9partement de Mayo-Banyo, dans la r\u00e9gion de l\u2019Adamaoua. Ceci en faveur du lancement de l\u2019Agropole de production, de transformation, et de commercialisation du ma\u00efs de Nyamboya.\u00a0\u00a0B\u00e9n\u00e9ficiant d\u2019une enveloppe s\u2019\u00e9levant \u00e0 un peu plus de 2 milliards de Fcfa, avec un apport substantiel des b\u00e9n\u00e9ficiaires \u00a0qui est \u00e9valu\u00e9 \u00e0 1,7 milliard de F\u00a0;\u00a0\u00a0il est envisag\u00e9 \u00e0 travers ce projet la production de 3500 tonnes de ma\u00efs annuellement, sur une superficie de 880 hectares, avec pour objectif d\u2019atteindre dans le futur 1500 hectares.<\/p>\n<p><strong>Lire aussi<\/strong> : <a href=\"https:\/\/ecomatin.net\/letat-cede-5-000-ha-aux-turcs-dans-ladamaoua-pour-booster-la-production-de-mais\/\">L\u2019Etat c\u00e8de 5 000 ha aux Turcs dans l\u2019Adamaoua pour booster la production de ma\u00efs<\/a><\/p>\n<p>Ce projet visionnaire, permettra donc de produire \u00e0 grande \u00e9chelle de la semence de ma\u00efs, dans le but d\u2019approvisionner les producteurs de ce d\u00e9partement, mais \u00e9galement ceux des r\u00e9gions de l\u2019Ouest, et du Nord. Selon les informations contenues dans les colonnes du quotidien national Cameroon Tribune, l\u2019on apprend que \u00ab\u00a0l\u2019appui de l\u2019Etat du Cameroun \u00e0 ce plan, est chiffr\u00e9 \u00e0 746 millions de F, dont l\u2019essentiel, d\u00e9j\u00e0 mis \u00e0 disposition porte entre autres sur des intrants divers\u00a0; 07 tracteurs\u00a0; 07 semoirs\u00a0 \u00e9pandeurs directs; 05 charrues \u00e0 socs, une castreuse\u00a0; une remorque benne de 16 tonnes\u00a0; un s\u00e9choir mobile\u00a0; sept tractoristes et maintenanciers form\u00e9s \u00e0 l\u2019Ecole pratique d\u2019agriculture de Binguela\u00a0\u00bb.<\/p>\n<p>Pour le maire de l\u2019arrondissement de Bankim\u00a0Mveing Angelbert \u00ab\u00a0ce projet va moderniser la culture du ma\u00efs dans l\u2019arrondissement tout en apportant pr\u00e8s de 11km de route et un branchement \u00e9lectrique\u00a0\u00bb, se satisfait l\u2019autorit\u00e9 locale. Toujours sur cette lanc\u00e9e de satisfecit qu\u2019Adrien Ngo\u2019o Bitomo repr\u00e9sentant du ministre de l\u2019Economie, de la planification et de l\u2019am\u00e9nagement du territoire (Minepat), et coordonnateur du programme Agropole s\u2019est dit fier de voir lancer le 49<sup>e<\/sup>\u00a0projet depuis la cr\u00e9ation du programme en 2012 et surtout le premier projet version Plan d\u2019urgence triennal pour l\u2019acc\u00e9l\u00e9ration de la croissance. Rappelons que le lancement de ce projet a \u00e9t\u00e9 mat\u00e9rialis\u00e9 par la signature d\u2019une convention entre qu\u2019Adrien Ngo\u2019o Bitomo repr\u00e9sentant du Minepat et le porteur principal de l\u2019agropole Guillaume Ngoula.<\/p>\n<p><strong>Lire aussi<\/strong> : <a href=\"https:\/\/ecomatin.net\/production-de-mais-le-cameroun-deficitaire-de-06-millions-de-tonnes\/\">Production de ma\u00efs: le Cameroun d\u00e9ficitaire de 0,6 millions de tonnes<\/a><\/p>\n<p>L\u2019on se rappelle qu\u2019en 2019, la production Camerounaise de ma\u00efs \u00e9tait d\u00e9ficitaire de 0,6 million de tonnes<em>,\u00a0<\/em>et ce depuis trois ans.<em>\u00a0\u00ab\u00a0<\/em>La demande est en forte croissance dans la fili\u00e8re. Elle est estim\u00e9e \u00e0\u00a02,8 millions\u00a0de tonnes en\u00a02019 pour une production nationale de\u00a02,2 millions\u00a0de tonnes\u00a0\u00bb faisait savoir le ministre de l\u2019Agriculture Gabriel Mbairobe, lors \u00a0d\u2019un conseil de cabinet le 28 f\u00e9vrier 2019.<\/p>\n<p>\u00a0Il faut noter que le Cameroun est le 13\u00e8me producteur africain de cette c\u00e9r\u00e9ale consomm\u00e9e par plus de 12 millions de personnes. Soit les deux tiers de la population du Cameroun. La culture du ma\u00efs est effectu\u00e9e par\u00a0700.000\u00a0exploitations familiales, artisanales et modernes. Ce grain, est la troisi\u00e8me denr\u00e9e alimentaire produite au Cameroun apr\u00e8s le manioc et la banane plantain. Il contribue \u00e9galement pour plus de\u00a0150 milliards de\u00a0FCFA au Produit int\u00e9rieur brut (PIB).<\/p>\n<p><strong>Lire aussi<\/strong> : <a href=\"https:\/\/ecomatin.net\/loffice-cerealier-du-cameroun-declare-47-650-tonnes-de-capacite-de-stockage\/\">L\u2019office c\u00e9r\u00e9alier du Cameroun d\u00e9clare 47 650 tonnes de capacit\u00e9 de stockage<\/a><\/p>\n<p>Auteur: Amina MALLOUM<br \/>\n<a href=\"https:\/\/ecomatin.net\/le-projet-agropole-de-bankim-envisage-une-production-annuelle-de-3500-tonnes-de-mais\/\">Cliquez ici pour lire l&rsquo;article depuis sa source.<\/a><\/p>\n","protected":false},"excerpt":{"rendered":"<p>Le 18 mars 2021, marque une nouvelle \u00e8re pour la culture du ma\u00efs dans l\u2019arrondissement de Bankim,\u00a0d\u00e9partement de Mayo-Banyo, dans la r\u00e9gion de l\u2019Adamaoua. Ceci en faveur du lancement de l\u2019Agropole de production, de transformation, et de commercialisation du ma\u00efs de Nyamboya.\u00a0\u00a0B\u00e9n\u00e9ficiant d\u2019une enveloppe s\u2019\u00e9levant \u00e0 un peu plus de 2 milliards de Fcfa, avec [&hellip;]<\/p>\n","protected":false},"author":1969,"featured_media":0,"comment_status":"closed","ping_status":"closed","sticky":false,"template":"","format":"standard","meta":{"fifu_image_url":"","fifu_image_alt":"","footnotes":""},"categories":[82,78],"tags":[],"class_list":["post-113390","post","type-post","status-publish","format-standard","hentry","category-cameroun","category-economie"],"_links":{"self":[{"href":"https:\/\/linitiative.ca\/International\/wp-json\/wp\/v2\/posts\/113390","targetHints":{"allow":["GET"]}}],"collection":[{"href":"https:\/\/linitiative.ca\/International\/wp-json\/wp\/v2\/posts"}],"about":[{"href":"https:\/\/linitiative.ca\/International\/wp-json\/wp\/v2\/types\/post"}],"author":[{"embeddable":true,"href":"https:\/\/linitiative.ca\/International\/wp-json\/wp\/v2\/users\/1969"}],"replies":[{"embeddable":true,"href":"https:\/\/linitiative.ca\/International\/wp-json\/wp\/v2\/comments?post=113390"}],"version-history":[{"count":0,"href":"https:\/\/linitiative.ca\/International\/wp-json\/wp\/v2\/posts\/113390\/revisions"}],"wp:attachment":[{"href":"https:\/\/linitiative.ca\/International\/wp-json\/wp\/v2\/media?parent=113390"}],"wp:term":[{"taxonomy":"category","embeddable":true,"href":"https:\/\/linitiative.ca\/International\/wp-json\/wp\/v2\/categories?post=113390"},{"taxonomy":"post_tag","embeddable":true,"href":"https:\/\/linitiative.ca\/International\/wp-json\/wp\/v2\/tags?post=113390"}],"curies":[{"name":"wp","href":"https:\/\/api.w.org\/{rel}","templated":true}]}}