{"id":113391,"date":"2021-03-20T04:45:13","date_gmt":"2021-03-20T08:45:13","guid":{"rendered":"https:\/\/linitiative.ca\/International\/selma-tber-jopte-pour-des-ambiances-elegantes-et-raffinees\/"},"modified":"2021-03-20T04:45:13","modified_gmt":"2021-03-20T08:45:13","slug":"selma-tber-jopte-pour-des-ambiances-elegantes-et-raffinees","status":"publish","type":"post","link":"https:\/\/linitiative.ca\/International\/selma-tber-jopte-pour-des-ambiances-elegantes-et-raffinees\/","title":{"rendered":"Selma Tber : \u00abJ\u2019opte pour des ambiances \u00e9l\u00e9gantes et raffin\u00e9es\u00bb"},"content":{"rendered":"<figure class=\"post-thumbnail\" itemprop=\"associatedMedia\" itemscope=\"itemscope\" itemtype=\"http:\/\/schema.org\/ImageObject\"><img decoding=\"async\" class=\"post_layout_5_img\" src=\"http:\/\/aujourdhui.ma\/wp-content\/uploads\/2021\/03\/Selma-Tber-architecte-dinte\u0301rieur-et-designer.jpg\" alt=\"Selma Tber : \u00abJ\u2019opte pour des ambiances \u00e9l\u00e9gantes et raffin\u00e9es\u00bb\"\/><\/figure>\n<p><span class=\"c5\"><strong>Entretien avec Selma Tber, architecte d\u2019int\u00e9rieur et designer<\/strong><\/span><span id=\"more-371499\"\/><\/p>\n<p><span class=\"c6\">La pand\u00e9mie due au Coronavirus bouleverse le cours de l\u2019histoire, y compris celui de l\u2019architecture d\u2019int\u00e9rieur. Aujourd\u2019hui, plus que jamais am\u00e9nager son espace int\u00e9rieur est gage de bien-\u00eatre. Au bureau ou chez soi, il est important d\u2019\u00e9voluer dans un environnement plus harmonieux avec l\u2019exigence de protection, de confort et de convivialit\u00e9. Pour accompagner cette \u00e9volution, l\u2019architecte d\u2019int\u00e9rieur use de son savoir-faire et de sa cr\u00e9ativit\u00e9 afin de transformer des lieux de vie en lieux de r\u00eave. A cela s\u2019ajoute la touche magique du designer. Selma Tber, architecte d\u2019int\u00e9rieur et designer nous livre son analyse.<\/span><\/p>\n<p><strong>ALM : Pouvez-vous nous dire un peu plus sur votre parcours ?<\/strong><\/p>\n<p><span class=\"c6\"><strong>Selma Tber :<\/strong><\/span> Je suis architecte d\u2019int\u00e9rieur et designer. J\u2019ai fait mes \u00e9tudes \u00e0 Paris, un moment important dans ma formation. C\u2019est une ville qui regorge d\u2019influences! De retour au Maroc, j\u2019ai particip\u00e9 \u00e0 la cr\u00e9ation d\u2019un d\u00e9partement consacr\u00e9 \u00e0 l\u2019architecture d\u2019int\u00e9rieur dans la maison familiale Divanya Luxury. Gr\u00e2ce \u00e0 cela, j\u2019ai retrouv\u00e9 le Maroc que j\u2019adore, riche en savoir-faire, en mat\u00e9riaux et en couleurs, et j\u2019ai pu m\u2019exprimer pleinement. Par la suite, j\u2019ai d\u00e9marr\u00e9 une carri\u00e8re solo avec des projets cr\u00e9atifs, en multipliant les collaborations avec des marques et des entreprises.<\/p>\n<p><strong>Quels sont les composants essentiels d\u2019un bon int\u00e9rieur?<\/strong><\/p>\n<p>Une r\u00e8gle d\u2019or est que chaque chose trouve sa juste place, afin que les lieux soient \u00e0 la fois fonctionnels et harmonieux. Mes int\u00e9rieurs sont un savant m\u00e9lange de disposition architecturale, d\u2019\u00e9quipements, d\u2019ambiances, d\u2019\u00e9clairages, de mat\u00e9riaux, mais aussi de couleurs et de textures. Parce que je suis \u00e9galement designer, je cr\u00e9e aussi des lignes de mobilier en collaboration avec des artisans. Chaque meuble que je con\u00e7ois est parfaitement adapt\u00e9 aux espaces que je dessine. Je suis actuellement en pleine collaboration avec une grande marque italienne pour la cr\u00e9ation d\u2019une ligne de mobilier qui sera sur le march\u00e9 marocain d\u00e9but 2022.<\/p>\n<p><strong>Quelles sont les tendances de l\u2019architecture d\u2019int\u00e9rieur les plus en vue actuellement ?<\/strong><\/p>\n<p>Les espaces qui privil\u00e9gient la convivialit\u00e9 et la rencontre \u00e0 travers des environnements polyvalents et fonctionnels o\u00f9 passer du temps est agr\u00e9able. De plus en plus de place se cr\u00e9e pour mettre en sc\u00e8ne le mobilier, et donc l\u2019humain, au centre de son environnement. On assiste \u00e9galement \u00e0 un jeu de contraste prononc\u00e9 entre les textures et les mati\u00e8res, ce qui conf\u00e8re aux espaces une identit\u00e9 toujours plus forte et unique. Une autre tendance est l\u2019irruption de la nature, qui s\u2019invite de plus en plus dans nos int\u00e9rieurs \u00e0 travers de grandes ouvertures, par exemple des baies vitr\u00e9es. La notion de transparence est devenue centrale pour laisser p\u00e9n\u00e9trer la lumi\u00e8re naturelle.<\/p>\n<p><strong>Le Maroc regorge d\u2019une histoire architecturale riche qui inspire les plus grands noms de l\u2019architecture. Comment cet aspect culturel du pays vous aide-t-il dans la r\u00e9alisation de votre travail ?<\/strong><\/p>\n<p>Le Maroc poss\u00e8de une culture tr\u00e8s riche et diversifi\u00e9e qui touche aussi bien aux formes, aux couleurs et aux mati\u00e8res. J\u2019essaie d\u2019allier ces \u00e9l\u00e9ments \u00e0 travers la mise en valeur de mat\u00e9riaux \u00e0 la fois nobles et luxueux, ce qui est l\u2019une des caract\u00e9ristiques de la culture architecturale du Royaume. J\u2019opte pour des ambiances chaleureuses et exotiques, \u00e9l\u00e9gantes et raffin\u00e9es, o\u00f9 se m\u00ealent des motifs que je choisis soigneusement. J\u2019accorde ainsi une importance primordiale \u00e0 la s\u00e9lection des mat\u00e9riaux, des tissus et des mobiliers. Le Maroc est un pays o\u00f9 l\u2019hospitalit\u00e9 est une tradition et la convivialit\u00e9 une partie int\u00e9grante de notre ADN. C\u2019est donc tout naturellement que je m\u2019applique \u00e0 retranscrire cela dans mon travail.<\/p>\n<p><strong>Quels sont les projets de r\u00e9f\u00e9rence qui vous inspirent le plus ?<\/strong><\/p>\n<p>Il y en a beaucoup. Je pense notamment au Mus\u00e9e orientaliste de Marrakech, un vrai voyage dans l\u2019histoire artistique du Maroc qui a laiss\u00e9 des traces non seulement dans nos traditions, mais aussi dans notre culture au sens large. D\u2019une mani\u00e8re g\u00e9n\u00e9rale, les monuments t\u00e9moignent de notre pass\u00e9 mais constituent aussi un h\u00e9ritage vivant. Les mus\u00e9es au Maroc sont souvent situ\u00e9s dans des maisons ou des sites prestigieux, illustrant toute la richesse de la cr\u00e9ation nationale dans des domaines tr\u00e8s vari\u00e9s. Les influences berb\u00e8res, arabes et andalouses y sont c\u00e9l\u00e9br\u00e9es d\u2019une mani\u00e8re unique..<\/p>\n<p>Auteur: Ouchagour Leila<br \/>\n<a href=\"https:\/\/aujourdhui.ma\/economie\/selma-tber-jopte-pour-des-ambiances-elegantes-et-raffinees\">Cliquez ici pour lire l&rsquo;article depuis sa source.<\/a><\/p>\n","protected":false},"excerpt":{"rendered":"<p>Entretien avec Selma Tber, architecte d\u2019int\u00e9rieur et designer La pand\u00e9mie due au Coronavirus bouleverse le cours de l\u2019histoire, y compris celui de l\u2019architecture d\u2019int\u00e9rieur. Aujourd\u2019hui, plus que jamais am\u00e9nager son espace int\u00e9rieur est gage de bien-\u00eatre. Au bureau ou chez soi, il est important d\u2019\u00e9voluer dans un environnement plus harmonieux avec l\u2019exigence de protection, de [&hellip;]<\/p>\n","protected":false},"author":1759,"featured_media":0,"comment_status":"closed","ping_status":"closed","sticky":false,"template":"","format":"standard","meta":{"fifu_image_url":"http:\/\/aujourdhui.ma\/wp-content\/uploads\/2021\/03\/Selma-Tber-architecte-dinte\u0301rieur-et-designer.jpg","fifu_image_alt":"Selma Tber : \u00abJ\u2019opte pour des ambiances \u00e9l\u00e9gantes et raffin\u00e9es\u00bb","footnotes":""},"categories":[73,54],"tags":[],"class_list":["post-113391","post","type-post","status-publish","format-standard","hentry","category-actualite","category-maroc"],"_links":{"self":[{"href":"https:\/\/linitiative.ca\/International\/wp-json\/wp\/v2\/posts\/113391","targetHints":{"allow":["GET"]}}],"collection":[{"href":"https:\/\/linitiative.ca\/International\/wp-json\/wp\/v2\/posts"}],"about":[{"href":"https:\/\/linitiative.ca\/International\/wp-json\/wp\/v2\/types\/post"}],"author":[{"embeddable":true,"href":"https:\/\/linitiative.ca\/International\/wp-json\/wp\/v2\/users\/1759"}],"replies":[{"embeddable":true,"href":"https:\/\/linitiative.ca\/International\/wp-json\/wp\/v2\/comments?post=113391"}],"version-history":[{"count":0,"href":"https:\/\/linitiative.ca\/International\/wp-json\/wp\/v2\/posts\/113391\/revisions"}],"wp:attachment":[{"href":"https:\/\/linitiative.ca\/International\/wp-json\/wp\/v2\/media?parent=113391"}],"wp:term":[{"taxonomy":"category","embeddable":true,"href":"https:\/\/linitiative.ca\/International\/wp-json\/wp\/v2\/categories?post=113391"},{"taxonomy":"post_tag","embeddable":true,"href":"https:\/\/linitiative.ca\/International\/wp-json\/wp\/v2\/tags?post=113391"}],"curies":[{"name":"wp","href":"https:\/\/api.w.org\/{rel}","templated":true}]}}