{"id":113392,"date":"2021-03-20T08:02:06","date_gmt":"2021-03-20T12:02:06","guid":{"rendered":"https:\/\/linitiative.ca\/International\/un-trentenaire-et-un-eleve-de-16-ans-se-suicident-a-beni-mellal-et-chefchaouen\/"},"modified":"2021-03-20T08:02:06","modified_gmt":"2021-03-20T12:02:06","slug":"un-trentenaire-et-un-eleve-de-16-ans-se-suicident-a-beni-mellal-et-chefchaouen","status":"publish","type":"post","link":"https:\/\/linitiative.ca\/International\/un-trentenaire-et-un-eleve-de-16-ans-se-suicident-a-beni-mellal-et-chefchaouen\/","title":{"rendered":"Un trentenaire et un \u00e9l\u00e8ve de 16 ans se suicident \u00e0 Beni Mellal et Chefchaouen"},"content":{"rendered":"<header>\n<\/header>\n<div class=\"entry-content clearfix\" readability=\"44\">\n<figure class=\"post-thumbnail\" itemprop=\"associatedMedia\" itemscope=\"itemscope\" itemtype=\"http:\/\/schema.org\/ImageObject\"><img decoding=\"async\" class=\"post_layout_5_img\" src=\"http:\/\/aujourdhui.ma\/wp-content\/uploads\/2019\/10\/suicide-pendaison.jpg\" alt=\"Un trentenaire et un \u00e9l\u00e8ve de 16 ans se suicident \u00e0 Beni Mellal et Chefchaouen\"\/><\/figure>\n<p><span class=\"c5\"><strong>Au quartier Ayat, \u00e0 Beni Mellal, un jeune homme de trente-quatre ans a mis fin \u00e0 sa vie, la nuit du mardi, par pendaison.<\/strong><\/span><span id=\"more-371514\"\/><\/p>\n<p>Son cadavre a \u00e9t\u00e9 d\u00e9couvert pendu par une corde accroch\u00e9e \u00e0 un olivier. Il aurait souffert de troubles mentaux. Les \u00e9l\u00e9ments de la police judiciaire se sont d\u00e9p\u00each\u00e9s sur les lieux pour entamer une enqu\u00eate afin de d\u00e9terminer les circonstances et les causes qui ont pouss\u00e9 ce jeune homme \u00e0 recourir \u00e0 cet acte de d\u00e9sespoir.<br \/>Par ailleurs, un \u00e9l\u00e8ve de seize ans s\u2019est donn\u00e9 \u00e9galement la mort par pendaison chez lui au Madchar Bouharma relevant de la commune rurale Ouzgane, province de Chefchaouen. C\u2019\u00e9tait le soir quand ses parents l\u2019ont d\u00e9couvert corps sans vie pendu par une corde attach\u00e9e \u00e0 la fen\u00eatre. Son cadavre a \u00e9t\u00e9 \u00e9vacu\u00e9 vers la morgue et une enqu\u00eate a \u00e9t\u00e9 entam\u00e9e par les \u00e9l\u00e9ments de la gendarmerie royale de la r\u00e9gion.<\/p>\n<\/div>\n<p>Auteur: Abderrafii ALOUMLIKI<br \/>\n<a href=\"https:\/\/aujourdhui.ma\/faits-divers\/un-trentenaire-et-un-eleve-de-16-ans-se-suicident-a-beni-mellal-et-chefchaouen\">Cliquez ici pour lire l&rsquo;article depuis sa source.<\/a><\/p>\n","protected":false},"excerpt":{"rendered":"<p>Au quartier Ayat, \u00e0 Beni Mellal, un jeune homme de trente-quatre ans a mis fin \u00e0 sa vie, la nuit du mardi, par pendaison. Son cadavre a \u00e9t\u00e9 d\u00e9couvert pendu par une corde accroch\u00e9e \u00e0 un olivier. Il aurait souffert de troubles mentaux. Les \u00e9l\u00e9ments de la police judiciaire se sont d\u00e9p\u00each\u00e9s sur les lieux [&hellip;]<\/p>\n","protected":false},"author":1759,"featured_media":0,"comment_status":"closed","ping_status":"closed","sticky":false,"template":"","format":"standard","meta":{"fifu_image_url":"http:\/\/aujourdhui.ma\/wp-content\/uploads\/2019\/10\/suicide-pendaison.jpg","fifu_image_alt":"Un trentenaire et un \u00e9l\u00e8ve de 16 ans se suicident \u00e0 Beni Mellal et Chefchaouen","footnotes":""},"categories":[73,54],"tags":[],"class_list":["post-113392","post","type-post","status-publish","format-standard","hentry","category-actualite","category-maroc"],"_links":{"self":[{"href":"https:\/\/linitiative.ca\/International\/wp-json\/wp\/v2\/posts\/113392","targetHints":{"allow":["GET"]}}],"collection":[{"href":"https:\/\/linitiative.ca\/International\/wp-json\/wp\/v2\/posts"}],"about":[{"href":"https:\/\/linitiative.ca\/International\/wp-json\/wp\/v2\/types\/post"}],"author":[{"embeddable":true,"href":"https:\/\/linitiative.ca\/International\/wp-json\/wp\/v2\/users\/1759"}],"replies":[{"embeddable":true,"href":"https:\/\/linitiative.ca\/International\/wp-json\/wp\/v2\/comments?post=113392"}],"version-history":[{"count":0,"href":"https:\/\/linitiative.ca\/International\/wp-json\/wp\/v2\/posts\/113392\/revisions"}],"wp:attachment":[{"href":"https:\/\/linitiative.ca\/International\/wp-json\/wp\/v2\/media?parent=113392"}],"wp:term":[{"taxonomy":"category","embeddable":true,"href":"https:\/\/linitiative.ca\/International\/wp-json\/wp\/v2\/categories?post=113392"},{"taxonomy":"post_tag","embeddable":true,"href":"https:\/\/linitiative.ca\/International\/wp-json\/wp\/v2\/tags?post=113392"}],"curies":[{"name":"wp","href":"https:\/\/api.w.org\/{rel}","templated":true}]}}