{"id":113394,"date":"2021-03-20T08:55:27","date_gmt":"2021-03-20T12:55:27","guid":{"rendered":"https:\/\/linitiative.ca\/International\/coordination-entre-institutions-une-circulaire-publiee\/"},"modified":"2021-03-20T08:55:27","modified_gmt":"2021-03-20T12:55:27","slug":"coordination-entre-institutions-une-circulaire-publiee","status":"publish","type":"post","link":"https:\/\/linitiative.ca\/International\/coordination-entre-institutions-une-circulaire-publiee\/","title":{"rendered":"Coordination entre institutions: une circulaire publi\u00e9e"},"content":{"rendered":"<header>\n<\/header>\n<div class=\"entry-content clearfix\" readability=\"56\">\n<figure class=\"post-thumbnail\" itemprop=\"associatedMedia\" itemscope=\"itemscope\" itemtype=\"http:\/\/schema.org\/ImageObject\"><img decoding=\"async\" class=\"post_layout_5_img\" src=\"http:\/\/aujourdhui.ma\/wp-content\/uploads\/2020\/10\/Conseil-du-gouvernement-Saad-Eddine-El-Othmani.jpg\" alt=\"Coordination entre institutions: une circulaire publi\u00e9e\"\/><\/figure>\n<p><span class=\"c5\"><strong>La coordination institutionnelle au devant de la sc\u00e8ne. Une circulaire sur l\u2019am\u00e9lioration de la coordination des actions gouvernementales et des relations du gouvernement avec les institutions et organes constitutionnels vient d\u2019\u00eatre publi\u00e9e.<\/strong><\/span><span id=\"more-371588\"\/><\/p>\n<p>La publication de cette circulaire, qui s\u2019adresse aux ministres, ministres d\u00e9l\u00e9gu\u00e9s, hauts d\u00e9l\u00e9gu\u00e9s et au d\u00e9l\u00e9gu\u00e9 g\u00e9n\u00e9ral, s\u2019inscrit dans le cadre des efforts visant \u00e0 assurer la bonne mise en \u0153uvre des exigences constitutionnelles et l\u00e9gales, notamment celles li\u00e9es \u00e0 la gestion des travaux du gouvernement, au statut juridique de ses membres et aux relations entre les secteurs gouvernementaux, outre la bonne gestion des relations du gouvernement avec les institutions constitutionnelles.<\/p>\n<p>Cette circulaire, qui comprend trois directives fondamentales, dont la premi\u00e8re concerne la garantie d\u2019une bonne coordination et coop\u00e9ration entre le gouvernement et les institutions et organes constitutionnels et la seconde revient sur la pr\u00e9paration et \u00e0 la publication de circulaires et de publications, alors que la troisi\u00e8me est relative \u00e0 la gestion de la correspondance entre les secteurs gouvernementaux, vise \u00e0 atteindre les meilleurs niveaux d\u2019efficacit\u00e9 en mati\u00e8re de performance et d\u2019am\u00e9lioration de l\u2019action gouvernementale et renforcer la concertation et la coordination entre les secteurs gouvernementaux, dans le plein respect des comp\u00e9tences et des pouvoirs.<\/p>\n<\/div>\n<p>Auteur: ALM<br \/>\n<a href=\"https:\/\/aujourdhui.ma\/politique\/coordination-entre-institutions-une-circulaire-publiee\">Cliquez ici pour lire l&rsquo;article depuis sa source.<\/a><\/p>\n","protected":false},"excerpt":{"rendered":"<p>La coordination institutionnelle au devant de la sc\u00e8ne. Une circulaire sur l\u2019am\u00e9lioration de la coordination des actions gouvernementales et des relations du gouvernement avec les institutions et organes constitutionnels vient d\u2019\u00eatre publi\u00e9e. La publication de cette circulaire, qui s\u2019adresse aux ministres, ministres d\u00e9l\u00e9gu\u00e9s, hauts d\u00e9l\u00e9gu\u00e9s et au d\u00e9l\u00e9gu\u00e9 g\u00e9n\u00e9ral, s\u2019inscrit dans le cadre des efforts [&hellip;]<\/p>\n","protected":false},"author":1759,"featured_media":0,"comment_status":"closed","ping_status":"closed","sticky":false,"template":"","format":"standard","meta":{"fifu_image_url":"http:\/\/aujourdhui.ma\/wp-content\/uploads\/2020\/10\/Conseil-du-gouvernement-Saad-Eddine-El-Othmani.jpg","fifu_image_alt":"Coordination entre institutions: une circulaire publi\u00e9e","footnotes":""},"categories":[73,54],"tags":[],"class_list":["post-113394","post","type-post","status-publish","format-standard","hentry","category-actualite","category-maroc"],"_links":{"self":[{"href":"https:\/\/linitiative.ca\/International\/wp-json\/wp\/v2\/posts\/113394","targetHints":{"allow":["GET"]}}],"collection":[{"href":"https:\/\/linitiative.ca\/International\/wp-json\/wp\/v2\/posts"}],"about":[{"href":"https:\/\/linitiative.ca\/International\/wp-json\/wp\/v2\/types\/post"}],"author":[{"embeddable":true,"href":"https:\/\/linitiative.ca\/International\/wp-json\/wp\/v2\/users\/1759"}],"replies":[{"embeddable":true,"href":"https:\/\/linitiative.ca\/International\/wp-json\/wp\/v2\/comments?post=113394"}],"version-history":[{"count":0,"href":"https:\/\/linitiative.ca\/International\/wp-json\/wp\/v2\/posts\/113394\/revisions"}],"wp:attachment":[{"href":"https:\/\/linitiative.ca\/International\/wp-json\/wp\/v2\/media?parent=113394"}],"wp:term":[{"taxonomy":"category","embeddable":true,"href":"https:\/\/linitiative.ca\/International\/wp-json\/wp\/v2\/categories?post=113394"},{"taxonomy":"post_tag","embeddable":true,"href":"https:\/\/linitiative.ca\/International\/wp-json\/wp\/v2\/tags?post=113394"}],"curies":[{"name":"wp","href":"https:\/\/api.w.org\/{rel}","templated":true}]}}