{"id":113395,"date":"2021-03-20T10:03:19","date_gmt":"2021-03-20T14:03:19","guid":{"rendered":"https:\/\/linitiative.ca\/International\/marrakech-4-mois-de-prison-avec-sursis-contre-la-proprietaire-dun-salon-de-massage\/"},"modified":"2021-03-20T10:03:19","modified_gmt":"2021-03-20T14:03:19","slug":"marrakech-4-mois-de-prison-avec-sursis-contre-la-proprietaire-dun-salon-de-massage","status":"publish","type":"post","link":"https:\/\/linitiative.ca\/International\/marrakech-4-mois-de-prison-avec-sursis-contre-la-proprietaire-dun-salon-de-massage\/","title":{"rendered":"Marrakech : 4 mois de prison avec sursis contre la propri\u00e9taire d\u2019un salon de massage"},"content":{"rendered":"<header>\n<\/header>\n<div class=\"entry-content clearfix\" readability=\"49\">\n<figure class=\"post-thumbnail\" itemprop=\"associatedMedia\" itemscope=\"itemscope\" itemtype=\"http:\/\/schema.org\/ImageObject\"><img decoding=\"async\" class=\"post_layout_5_img\" src=\"http:\/\/aujourdhui.ma\/wp-content\/uploads\/2019\/11\/Prison-Maroc.jpg\" alt=\"Marrakech : 4 mois de prison avec sursis contre la propri\u00e9taire d\u2019un salon de massage\"\/><\/figure>\n<p><span class=\"c5\"><strong>La propri\u00e9taire d\u2019un salon de massage \u00e9tabli au quartier Gueliz, \u00e0 Marrakech, a \u00e9t\u00e9 condamn\u00e9e, lundi dernier, par la chambre correctionnelle pr\u00e8s le tribunal de premi\u00e8re instance de Marrakech, \u00e0 quatre mois de prison avec sursis assortis d\u2019une amende de trois mille dirhams et ce, pour avoir transform\u00e9 son salon en lieu de d\u00e9bauche.<\/strong><\/span><span id=\"more-371515\"\/><\/p>\n<p>Ses quatre employ\u00e9es dont une mineure ont \u00e9cop\u00e9 de deux mois de prison avec sursis assortis d\u2019une amende de cinq cents dirhams. Quant \u00e0 un client, il a \u00e9t\u00e9 condamn\u00e9 \u00e0 un mois de prison avec sursis et une amende de mille dirhams. Les six personnes impliqu\u00e9es dans cette affaire ont \u00e9t\u00e9 arr\u00eat\u00e9es lors d\u2019une descente polici\u00e8re effectu\u00e9e par les limiers de la cit\u00e9 ocre. La mobilisation de la police a eu lieu suite \u00e0 plusieurs plaintes port\u00e9es par quelques habitants accusant la propri\u00e9taire d\u2019avoir transform\u00e9 le salon de massage en lieu de d\u00e9bauche. Lors de la descente, les limiers ont saisi un nombre important de pr\u00e9servatifs. Soumis aux interrogatoires, les quatre employ\u00e9es dont une mineure ont r\u00e9v\u00e9l\u00e9 qu\u2019elles ont \u00e9t\u00e9 embauch\u00e9es pour r\u00e9pondre aux besoins des clients qui cherchaient \u00e0 assouvir leurs d\u00e9sirs sexuels contre de l\u2019argent.<\/p>\n<\/div>\n<p>Auteur: Abderrafii ALOUMLIKI<br \/>\n<a href=\"https:\/\/aujourdhui.ma\/faits-divers\/marrakech-4-mois-de-prison-avec-sursis-contre-la-proprietaire-dun-salon-de-massage\">Cliquez ici pour lire l&rsquo;article depuis sa source.<\/a><\/p>\n","protected":false},"excerpt":{"rendered":"<p>La propri\u00e9taire d\u2019un salon de massage \u00e9tabli au quartier Gueliz, \u00e0 Marrakech, a \u00e9t\u00e9 condamn\u00e9e, lundi dernier, par la chambre correctionnelle pr\u00e8s le tribunal de premi\u00e8re instance de Marrakech, \u00e0 quatre mois de prison avec sursis assortis d\u2019une amende de trois mille dirhams et ce, pour avoir transform\u00e9 son salon en lieu de d\u00e9bauche. Ses [&hellip;]<\/p>\n","protected":false},"author":1759,"featured_media":0,"comment_status":"closed","ping_status":"closed","sticky":false,"template":"","format":"standard","meta":{"fifu_image_url":"http:\/\/aujourdhui.ma\/wp-content\/uploads\/2019\/11\/Prison-Maroc.jpg","fifu_image_alt":"Marrakech : 4 mois de prison avec sursis contre la propri\u00e9taire d\u2019un salon de massage","footnotes":""},"categories":[73,54],"tags":[],"class_list":["post-113395","post","type-post","status-publish","format-standard","hentry","category-actualite","category-maroc"],"_links":{"self":[{"href":"https:\/\/linitiative.ca\/International\/wp-json\/wp\/v2\/posts\/113395","targetHints":{"allow":["GET"]}}],"collection":[{"href":"https:\/\/linitiative.ca\/International\/wp-json\/wp\/v2\/posts"}],"about":[{"href":"https:\/\/linitiative.ca\/International\/wp-json\/wp\/v2\/types\/post"}],"author":[{"embeddable":true,"href":"https:\/\/linitiative.ca\/International\/wp-json\/wp\/v2\/users\/1759"}],"replies":[{"embeddable":true,"href":"https:\/\/linitiative.ca\/International\/wp-json\/wp\/v2\/comments?post=113395"}],"version-history":[{"count":0,"href":"https:\/\/linitiative.ca\/International\/wp-json\/wp\/v2\/posts\/113395\/revisions"}],"wp:attachment":[{"href":"https:\/\/linitiative.ca\/International\/wp-json\/wp\/v2\/media?parent=113395"}],"wp:term":[{"taxonomy":"category","embeddable":true,"href":"https:\/\/linitiative.ca\/International\/wp-json\/wp\/v2\/categories?post=113395"},{"taxonomy":"post_tag","embeddable":true,"href":"https:\/\/linitiative.ca\/International\/wp-json\/wp\/v2\/tags?post=113395"}],"curies":[{"name":"wp","href":"https:\/\/api.w.org\/{rel}","templated":true}]}}