{"id":113399,"date":"2021-03-20T10:16:00","date_gmt":"2021-03-20T14:16:00","guid":{"rendered":"https:\/\/linitiative.ca\/International\/le-rcd-ne-participera-pas-aux-elections-legislatives\/"},"modified":"2021-03-20T10:16:00","modified_gmt":"2021-03-20T14:16:00","slug":"le-rcd-ne-participera-pas-aux-elections-legislatives","status":"publish","type":"post","link":"https:\/\/linitiative.ca\/International\/le-rcd-ne-participera-pas-aux-elections-legislatives\/","title":{"rendered":"Le RCD ne participera pas aux \u00e9lections l\u00e9gislatives"},"content":{"rendered":"<div id=\"originalText\" readability=\"46\">\n<p>Le rassemblement pour la culture et la d\u00e9mocratie (RCD) ne participera pas aux \u00e9lections l\u00e9gislatives du 12 juin 2021.<\/p>\n<p>Comme attendu, le parti, qui a r\u00e9uni, ce samedi, son conseil national, a d\u00e9cid\u00e9 de boycotter cette \u00e9ch\u00e9ance \u00e9lectorale.<\/p>\n<p>A rappeler que le parti des travailleurs (PT) avait annonc\u00e9, lundi dernier, sa non-participation aux l\u00e9gislatives de juin prochain.<\/p>\n<p class=\"c6\"><strong>R\u00e9daction Web<\/strong><\/p>\n<\/div>\n<div id=\"text_core\" readability=\"46\">\n<p>Le rassemblement pour la culture et la d\u00e9mocratie (RCD) ne participera pas aux \u00e9lections l\u00e9gislatives du 12 juin 2021.<\/p>\n<p>Comme attendu, le parti, qui a r\u00e9uni, ce samedi, son conseil national, a d\u00e9cid\u00e9 de boycotter cette \u00e9ch\u00e9ance \u00e9lectorale.<\/p>\n<p>A rappeler que le parti des travailleurs (PT) avait annonc\u00e9, lundi dernier, sa non-participation aux l\u00e9gislatives de juin prochain.<\/p>\n<p class=\"c6\"><strong>R\u00e9daction Web<\/strong><\/p>\n<\/div>\n<p>Auteur:<br \/>\n<a href=\"https:\/\/www.liberte-algerie.com\/actualite\/le-rcd-ne-participera-pas-aux-elections-legislatives-355846\">Cliquez ici pour lire l&rsquo;article depuis sa source.<\/a><\/p>\n","protected":false},"excerpt":{"rendered":"<p>Le rassemblement pour la culture et la d\u00e9mocratie (RCD) ne participera pas aux \u00e9lections l\u00e9gislatives du 12 juin 2021. Comme attendu, le parti, qui a r\u00e9uni, ce samedi, son conseil national, a d\u00e9cid\u00e9 de boycotter cette \u00e9ch\u00e9ance \u00e9lectorale. A rappeler que le parti des travailleurs (PT) avait annonc\u00e9, lundi dernier, sa non-participation aux l\u00e9gislatives de [&hellip;]<\/p>\n","protected":false},"author":1742,"featured_media":0,"comment_status":"closed","ping_status":"closed","sticky":false,"template":"","format":"standard","meta":{"fifu_image_url":"","fifu_image_alt":"","footnotes":""},"categories":[73,53],"tags":[],"class_list":["post-113399","post","type-post","status-publish","format-standard","hentry","category-actualite","category-algerie"],"_links":{"self":[{"href":"https:\/\/linitiative.ca\/International\/wp-json\/wp\/v2\/posts\/113399","targetHints":{"allow":["GET"]}}],"collection":[{"href":"https:\/\/linitiative.ca\/International\/wp-json\/wp\/v2\/posts"}],"about":[{"href":"https:\/\/linitiative.ca\/International\/wp-json\/wp\/v2\/types\/post"}],"author":[{"embeddable":true,"href":"https:\/\/linitiative.ca\/International\/wp-json\/wp\/v2\/users\/1742"}],"replies":[{"embeddable":true,"href":"https:\/\/linitiative.ca\/International\/wp-json\/wp\/v2\/comments?post=113399"}],"version-history":[{"count":0,"href":"https:\/\/linitiative.ca\/International\/wp-json\/wp\/v2\/posts\/113399\/revisions"}],"wp:attachment":[{"href":"https:\/\/linitiative.ca\/International\/wp-json\/wp\/v2\/media?parent=113399"}],"wp:term":[{"taxonomy":"category","embeddable":true,"href":"https:\/\/linitiative.ca\/International\/wp-json\/wp\/v2\/categories?post=113399"},{"taxonomy":"post_tag","embeddable":true,"href":"https:\/\/linitiative.ca\/International\/wp-json\/wp\/v2\/tags?post=113399"}],"curies":[{"name":"wp","href":"https:\/\/api.w.org\/{rel}","templated":true}]}}