{"id":113400,"date":"2021-03-20T10:30:00","date_gmt":"2021-03-20T14:30:00","guid":{"rendered":"https:\/\/linitiative.ca\/International\/mohcine-belabbas-ne-sera-pas-candidat-a-la-direction-du-rcd-lors-du-prochain-congres\/"},"modified":"2021-03-20T10:30:00","modified_gmt":"2021-03-20T14:30:00","slug":"mohcine-belabbas-ne-sera-pas-candidat-a-la-direction-du-rcd-lors-du-prochain-congres","status":"publish","type":"post","link":"https:\/\/linitiative.ca\/International\/mohcine-belabbas-ne-sera-pas-candidat-a-la-direction-du-rcd-lors-du-prochain-congres\/","title":{"rendered":"Mohcine Belabbas ne sera pas candidat \u00e0 la direction du RCD lors du prochain congr\u00e8s"},"content":{"rendered":"<div id=\"originalText\" readability=\"52\">\n<p>Le pr\u00e9sident du Rassemblement pour la culture et la d\u00e9mocratie, Mohcine Belabbas, a annonc\u00e9, ce samedi, dans son allocution \u00e0 l\u2019ouverture du conseil national du parti, qu\u2019\u00ab\u00a0il ne sera pas candidat \u00e0 la direction du parti lors du \u00a06\u00e8me congr\u00e8s\u00bb du RCD.<\/p>\n<p>Cette annonce intervient, en effet, \u00e0 moins de deux ann\u00e9es de l\u2019organisation du 6\u00e8me congr\u00e8s ordinaire du parti.<\/p>\n<p>A la t\u00eate du RCD depuis 2012, Mohcine Belabbas a exhort\u00e9 les militants de son parti \u00e0 \u00ab\u00a0r\u00e9fl\u00e9chir ensemble, durant les mois \u00e0 venir, \u00a0aux modifications que nous devons apporter \u00e0 nos statuts dans le sens de l\u2019\u00e9largissement de notre base militante et pour impliquer le plus grand nombre dans la prise de d\u00e9cision \u00e0 tous les niveaux pour ainsi consolider notre autonomie de d\u00e9cision\u00a0\u00bb.<\/p>\n<p class=\"c6\"><strong>Kenza Sifi<\/strong><\/p>\n<\/div>\n<div id=\"text_core\" readability=\"52\">\n<p>Le pr\u00e9sident du Rassemblement pour la culture et la d\u00e9mocratie, Mohcine Belabbas, a annonc\u00e9, ce samedi, dans son allocution \u00e0 l\u2019ouverture du conseil national du parti, qu\u2019\u00ab\u00a0il ne sera pas candidat \u00e0 la direction du parti lors du \u00a06\u00e8me congr\u00e8s\u00bb du RCD.<\/p>\n<p>Cette annonce intervient, en effet, \u00e0 moins de deux ann\u00e9es de l\u2019organisation du 6\u00e8me congr\u00e8s ordinaire du parti.<\/p>\n<p>A la t\u00eate du RCD depuis 2012, Mohcine Belabbas a exhort\u00e9 les militants de son parti \u00e0 \u00ab\u00a0r\u00e9fl\u00e9chir ensemble, durant les mois \u00e0 venir, \u00a0aux modifications que nous devons apporter \u00e0 nos statuts dans le sens de l\u2019\u00e9largissement de notre base militante et pour impliquer le plus grand nombre dans la prise de d\u00e9cision \u00e0 tous les niveaux pour ainsi consolider notre autonomie de d\u00e9cision\u00a0\u00bb.<\/p>\n<p class=\"c6\"><strong>Kenza Sifi<\/strong><\/p>\n<\/div>\n<p>Auteur:<br \/>\n<a href=\"https:\/\/www.liberte-algerie.com\/actualite\/mohcine-belabbas-ne-sera-pas-candidat-a-la-direction-du-rcd-lors-du-prochain-congres-355847\">Cliquez ici pour lire l&rsquo;article depuis sa source.<\/a><\/p>\n","protected":false},"excerpt":{"rendered":"<p>Le pr\u00e9sident du Rassemblement pour la culture et la d\u00e9mocratie, Mohcine Belabbas, a annonc\u00e9, ce samedi, dans son allocution \u00e0 l\u2019ouverture du conseil national du parti, qu\u2019\u00ab\u00a0il ne sera pas candidat \u00e0 la direction du parti lors du \u00a06\u00e8me congr\u00e8s\u00bb du RCD. Cette annonce intervient, en effet, \u00e0 moins de deux ann\u00e9es de l\u2019organisation du [&hellip;]<\/p>\n","protected":false},"author":1742,"featured_media":0,"comment_status":"closed","ping_status":"closed","sticky":false,"template":"","format":"standard","meta":{"fifu_image_url":"","fifu_image_alt":"","footnotes":""},"categories":[73,53],"tags":[],"class_list":["post-113400","post","type-post","status-publish","format-standard","hentry","category-actualite","category-algerie"],"_links":{"self":[{"href":"https:\/\/linitiative.ca\/International\/wp-json\/wp\/v2\/posts\/113400","targetHints":{"allow":["GET"]}}],"collection":[{"href":"https:\/\/linitiative.ca\/International\/wp-json\/wp\/v2\/posts"}],"about":[{"href":"https:\/\/linitiative.ca\/International\/wp-json\/wp\/v2\/types\/post"}],"author":[{"embeddable":true,"href":"https:\/\/linitiative.ca\/International\/wp-json\/wp\/v2\/users\/1742"}],"replies":[{"embeddable":true,"href":"https:\/\/linitiative.ca\/International\/wp-json\/wp\/v2\/comments?post=113400"}],"version-history":[{"count":0,"href":"https:\/\/linitiative.ca\/International\/wp-json\/wp\/v2\/posts\/113400\/revisions"}],"wp:attachment":[{"href":"https:\/\/linitiative.ca\/International\/wp-json\/wp\/v2\/media?parent=113400"}],"wp:term":[{"taxonomy":"category","embeddable":true,"href":"https:\/\/linitiative.ca\/International\/wp-json\/wp\/v2\/categories?post=113400"},{"taxonomy":"post_tag","embeddable":true,"href":"https:\/\/linitiative.ca\/International\/wp-json\/wp\/v2\/tags?post=113400"}],"curies":[{"name":"wp","href":"https:\/\/api.w.org\/{rel}","templated":true}]}}