{"id":113401,"date":"2021-03-19T17:26:29","date_gmt":"2021-03-19T21:26:29","guid":{"rendered":"https:\/\/linitiative.ca\/International\/la-justice-hebraique-une-partie-integrante-du-systeme-judiciaire\/"},"modified":"2021-03-19T17:26:29","modified_gmt":"2021-03-19T21:26:29","slug":"la-justice-hebraique-une-partie-integrante-du-systeme-judiciaire","status":"publish","type":"post","link":"https:\/\/linitiative.ca\/International\/la-justice-hebraique-une-partie-integrante-du-systeme-judiciaire\/","title":{"rendered":"La justice h\u00e9bra\u00efque, une partie int\u00e9grante du syst\u00e8me judiciaire"},"content":{"rendered":"<div readability=\"40\">\n<p>Essaouira \u2013 Le ministre de la Justice, M. Mohamed Ben Abdelkader, a affirm\u00e9, vendredi \u00e0 Essaouira, que la justice h\u00e9bra\u00efque constitue une partie int\u00e9grante du syst\u00e8me judiciaire du Royaume, soulignant l\u2019importance et l\u2019attention accord\u00e9es \u00e0 la composante h\u00e9bra\u00efque en tant que l\u2019une des manifestations de la diversit\u00e9 qui caract\u00e9rise l\u2019identit\u00e9 marocaine.<\/p>\n<\/div>\n<div readability=\"104\">\n<p>Intervenant \u00e0 l\u2019ouverture d\u2019un Colloque national sur la justice h\u00e9bra\u00efque au Maroc, organis\u00e9 \u00e0 \u00ab\u00a0Bayt Dakira\u00a0\u00bb par le minist\u00e8re de la Justice et le Centre d\u2019Etudes et de Recherches sur le Droit H\u00e9bra\u00efque au Maroc et rehauss\u00e9 notamment par la pr\u00e9sence de M. Andr\u00e9 Azoulay, Conseiller de SM le Roi, pr\u00e9sident-fondateur de l\u2019association Essaouira-Mogador et pr\u00e9sident d\u2019honneur du Centre d\u2019Etudes et de Recherches sur le Droit H\u00e9bra\u00efque au Maroc, M. Ben Abdelkader a indiqu\u00e9 que la tenue de cette rencontre dans cet Espace embl\u00e9matique intervient dans le sillage d\u2019une s\u00e9rie d\u2019actions que son d\u00e9partement envisage d\u2019entreprendre pour mettre en lumi\u00e8re la justice h\u00e9bra\u00efque et les r\u00f4les qui lui sont d\u00e9volus.<\/p>\n<p>Rappelant la visite effectu\u00e9e r\u00e9cemment \u00e0 la Chambre Rabbinique au tribunal de premi\u00e8re instance \u00e0 Casablanca pour prendre connaissance des conditions de travail de cette Chambre, de l\u2019ampleur des dossiers dont elle est saisie et de l\u2019importance des jugements et des jurisprudences qu\u2019elle \u00e9met, le ministre a fait part de sa profonde conviction de la n\u00e9cessit\u00e9 de l\u2019ouverture du chantier de la r\u00e9habilitation de la justice h\u00e9bra\u00efque dans le Royaume, de la valorisation de son legs historique et de la mise en avant de son r\u00f4le dans le syst\u00e8me judiciaire marocain.<\/p>\n<p>Il a, dans ce sens, not\u00e9 que le Maroc \u00e9tait et demeure l\u2019unique pays arabe o\u00f9 les juifs marocains disposent de Chambres rabbiniques qui sont charg\u00e9es de statuer sur leurs litiges relatifs notamment aux affaires du statut personnel et de l\u2019h\u00e9ritage.<\/p>\n<p>Et de poursuivre qu\u2019au vu de l\u2019importance de la justice h\u00e9bra\u00efque au Maroc, elle a \u00e9t\u00e9 encadr\u00e9e par un ensemble de Dahirs Ch\u00e9rifiens qui illustrent ses liens tr\u00e8s \u00e9troits avec l\u2019institution d&rsquo;\u00a0\u00bbImarat Al Mouminine\u00a0\u00bb, ajoutant que tout au long des ann\u00e9es et des d\u00e9cennies \u00e9coul\u00e9es, la justice h\u00e9bra\u00efque dans le Royaume a r\u00e9ussi \u00e0 accumuler de grands acquis en termes de jurisprudences judiciaires inh\u00e9rentes au statut personnel des citoyens juifs marocains, lesquelles sont devenues une r\u00e9f\u00e9rence pour les \u00e9tudiants et les chercheurs dans le domaine juridique sur les plans national et international.<\/p>\n<p>En vue de la pr\u00e9servation, de la valorisation et de la protection de cet h\u00e9ritage historique de la justice h\u00e9bra\u00efque au Maroc, M. Ben Abdelkader a pr\u00e9cis\u00e9 que son d\u00e9partement a lanc\u00e9, il y a quelques semaines, une campagne nationale pour la collecte des jugements et des manuscrits h\u00e9bra\u00efques r\u00e9partis sur les diff\u00e9rents centres de conservation et d\u2019archivage relevant du minist\u00e8re de la Justice, faisant savoir que les services de son minist\u00e8re vont \u0153uvrer \u00e0 leur centralisation, \u00e0 leur archivage \u00e9lectronique et \u00e0 leur conservation dans des conditions s\u00fbres, leur garantissant ainsi une protection contre tout endommagement.<\/p>\n<p>Le ministre a, en outre, annonc\u00e9 la finalisation d\u2019un projet structurant visant la cr\u00e9ation d\u2019un Mus\u00e9e national de la m\u00e9moire du syst\u00e8me de la justice dans le Royaume, dans lequel la justice h\u00e9bra\u00efque jouira d\u2019une place de choix, notant que ce projet contribuera \u00e0 faire conna\u00eetre la justice h\u00e9bra\u00efque dans le pays, les magistrats ayant exerc\u00e9 au sein des Chambres Rabbiniques dans les diff\u00e9rentes circonscriptions judiciaires ainsi que les jurisprudences et les jugements qu\u2019ils ont \u00e9mis \u00e0 propos de divers sujets et dossiers.<\/p>\n<p>Il a, dans la foul\u00e9e, appel\u00e9 l\u2019ensemble des acteurs dans le syst\u00e8me de la justice et les organisations de la soci\u00e9t\u00e9 civile \u00e0 contribuer \u00e0 l\u2019enrichissement de ce Mus\u00e9e national, \u00e0 travers la mise \u00e0 la disposition du minist\u00e8re des documents, des manuscrits et des jugements ayant une grande valeur historique et symbolique qui m\u00e9ritent d\u2019\u00eatre expos\u00e9s.<\/p>\n<p>Les travaux de ce conclave se sont d\u00e9roul\u00e9s dans le strict respect des mesures pr\u00e9ventives anti-Covid-19, en pr\u00e9sence notamment des pr\u00e9sidents fondateur et ex\u00e9cutif du Centre d\u2019Etudes et de Recherches sur le Droit H\u00e9bra\u00efque, respectivement MM. Abdellah Ouzitane et Farid El Bacha, de la directrice de Bayt Dakira, Mme Ghita Rabouli, d\u2019un parterre de hauts responsables judiciaires, d\u2019acteurs de la soci\u00e9t\u00e9 civile et d\u2019autres personnalit\u00e9s issues de divers horizons.<\/p>\n<\/div>\n<p>Auteur: Meriem IGASS<br \/>\n<a href=\"http:\/\/www.mapmarrakech.ma\/fr\/la-justice-hebraique-une-partie-integrante-du-systeme-judiciaire\/\">Cliquez ici pour lire l&rsquo;article depuis sa source.<\/a><\/p>\n","protected":false},"excerpt":{"rendered":"<p>Essaouira \u2013 Le ministre de la Justice, M. Mohamed Ben Abdelkader, a affirm\u00e9, vendredi \u00e0 Essaouira, que la justice h\u00e9bra\u00efque constitue une partie int\u00e9grante du syst\u00e8me judiciaire du Royaume, soulignant l\u2019importance et l\u2019attention accord\u00e9es \u00e0 la composante h\u00e9bra\u00efque en tant que l\u2019une des manifestations de la diversit\u00e9 qui caract\u00e9rise l\u2019identit\u00e9 marocaine. Intervenant \u00e0 l\u2019ouverture d\u2019un [&hellip;]<\/p>\n","protected":false},"author":1788,"featured_media":0,"comment_status":"closed","ping_status":"closed","sticky":false,"template":"","format":"standard","meta":{"fifu_image_url":"","fifu_image_alt":"","footnotes":""},"categories":[54,76],"tags":[],"class_list":["post-113401","post","type-post","status-publish","format-standard","hentry","category-maroc","category-regions"],"_links":{"self":[{"href":"https:\/\/linitiative.ca\/International\/wp-json\/wp\/v2\/posts\/113401","targetHints":{"allow":["GET"]}}],"collection":[{"href":"https:\/\/linitiative.ca\/International\/wp-json\/wp\/v2\/posts"}],"about":[{"href":"https:\/\/linitiative.ca\/International\/wp-json\/wp\/v2\/types\/post"}],"author":[{"embeddable":true,"href":"https:\/\/linitiative.ca\/International\/wp-json\/wp\/v2\/users\/1788"}],"replies":[{"embeddable":true,"href":"https:\/\/linitiative.ca\/International\/wp-json\/wp\/v2\/comments?post=113401"}],"version-history":[{"count":0,"href":"https:\/\/linitiative.ca\/International\/wp-json\/wp\/v2\/posts\/113401\/revisions"}],"wp:attachment":[{"href":"https:\/\/linitiative.ca\/International\/wp-json\/wp\/v2\/media?parent=113401"}],"wp:term":[{"taxonomy":"category","embeddable":true,"href":"https:\/\/linitiative.ca\/International\/wp-json\/wp\/v2\/categories?post=113401"},{"taxonomy":"post_tag","embeddable":true,"href":"https:\/\/linitiative.ca\/International\/wp-json\/wp\/v2\/tags?post=113401"}],"curies":[{"name":"wp","href":"https:\/\/api.w.org\/{rel}","templated":true}]}}