{"id":113404,"date":"2021-03-20T06:55:06","date_gmt":"2021-03-20T10:55:06","guid":{"rendered":"https:\/\/linitiative.ca\/International\/entente-entre-le-ministere-de-la-justice-et-le-centre-abraham-zagouri\/"},"modified":"2021-03-20T06:55:06","modified_gmt":"2021-03-20T10:55:06","slug":"entente-entre-le-ministere-de-la-justice-et-le-centre-abraham-zagouri","status":"publish","type":"post","link":"https:\/\/linitiative.ca\/International\/entente-entre-le-ministere-de-la-justice-et-le-centre-abraham-zagouri\/","title":{"rendered":"Entente entre le minist\u00e8re de la Justice et le Centre Abraham Zagouri"},"content":{"rendered":"<div readability=\"36\">\n<p>Essaouira \u2013 Un m\u00e9morandum d\u2019entente a \u00e9t\u00e9 sign\u00e9, vendredi \u00e0 l\u2019Espace \u00ab\u00a0Bayt Dakira\u00a0\u00bb \u00e0 Essaouira, entre le minist\u00e8re de la Justice et le Centre d\u2019Etudes et de Recherches \u00ab\u00a0Abraham Zagouri\u00a0\u00bb sur le droit h\u00e9bra\u00efque au Maroc.<\/p>\n<\/div>\n<div readability=\"135\">\n<p>Ce m\u00e9morandum a \u00e9t\u00e9 paraph\u00e9 par le ministre de la Justice, M. Mohamed Ben Abdelkader et le pr\u00e9sident du Centre d\u2019Etudes et de Recherches sur le Droit h\u00e9bra\u00efque au Maroc, M. Abdellah Ouzitane, lors d\u2019une c\u00e9r\u00e9monie rehauss\u00e9e par la pr\u00e9sence de M. Andr\u00e9 Azoulay, Conseiller de SM le Roi, pr\u00e9sident-fondateur de l\u2019Association Essaouira-Mogador et pr\u00e9sident d\u2019honneur dudit Centre.<\/p>\n<p>Ledit accord, sign\u00e9 \u00e0 l\u2019occasion d\u2019un Colloque national sur la justice h\u00e9bra\u00efque au Maroc, initi\u00e9 conjointement par le minist\u00e8re et le Centre, porte sur l\u2019\u00e9laboration d\u2019un cadre r\u00e9glementaire pour un partenariat entre les deux parties, visant \u00e0 introduire le droit h\u00e9breu marocain et son application par les tribunaux h\u00e9bra\u00efques du Royaume, de mani\u00e8re \u00e0 contribuer au renforcement de la m\u00e9moire coutumi\u00e8re et institutionnelle de la justice h\u00e9bra\u00efque marocaine.<\/p>\n<p>Aux termes de ce m\u00e9morandum, les deux parties s\u2019engagent ainsi \u00e0 \u0153uvrer pour l\u2019organisation de s\u00e9minaires et de rencontres scientifiques conjoints visant \u00e0 pr\u00e9senter le droit du Statut Personnel appliqu\u00e9 aux juifs marocains, et \u00e0 mettre en \u00e9vidence le travail des Chambres h\u00e9bra\u00efques, leurs sp\u00e9cificit\u00e9s et leur gestion, et comment les juges h\u00e9breux exercent dans les tribunaux du Royaume.<\/p>\n<p>Elles vont aussi veiller \u00e0 l\u2019\u00e9laboration d\u2019\u00e9tudes dans le domaine de la justice h\u00e9bra\u00efque au Maroc et \u00e0 leur publication au profit de tous les chercheurs et les parties int\u00e9ress\u00e9es, ainsi qu\u2019\u00e0 l\u2019intensification de la coop\u00e9ration et de la coordination afin de collecter, d\u2019archiver et de pr\u00e9server le patrimoine judiciaire des tribunaux h\u00e9bra\u00efques du Royaume.<\/p>\n<p>Le minist\u00e8re et le Centre vont oeuvrer, en outre, pour la cr\u00e9ation d\u2019une Archive nationale des diff\u00e9rents ouvrages et documents produits par la justice h\u00e9bra\u00efque au Maroc, tout en les faisant conna\u00eetre au public d\u2019une mani\u00e8re qui contribue \u00e0 diffuser les valeurs de paix, de tol\u00e9rance, d\u2019ouverture et de partage.<\/p>\n<p>Afin d\u2019assurer la bonne mise en \u0153uvre dudit m\u00e9morandum d\u2019entente, un groupe de travail conjoint compos\u00e9 de repr\u00e9sentants des deux parties sera instaur\u00e9 en vue de la mise en place des programmes de coop\u00e9ration et de coordination convenus.<\/p>\n<p>En marge de ce Colloque, M. Ben Abdelkader et la d\u00e9l\u00e9gation l\u2019accompagnant ont effectu\u00e9, en pr\u00e9sence de M. Azoulay, une visite guid\u00e9e \u00e0 \u00ab\u00a0Bayt Dakira\u00a0\u00bb, cet Espace spirituel et patrimonial de pr\u00e9servation et de valorisation de la m\u00e9moire jud\u00e9o-marocaine, unique en son genre au sud de la M\u00e9diterran\u00e9e et en terre d\u2019Islam, qui raconte, pr\u00e9sente et t\u00e9moigne de cette histoire si singuli\u00e8re et exemplaire du Juda\u00efsme marocain \u00e0 Essaouira.<\/p>\n<p>En effet, ce haut lieu d\u2019histoire, de culture et de spiritualit\u00e9, abrite, apr\u00e8s des travaux de restauration, la Synagogue \u00ab\u00a0Slat Attia\u00a0\u00bb, un espace histoire et m\u00e9moire et trois entit\u00e9s de recherches : le Centre d\u2019\u00e9tudes et de recherches sur le droit h\u00e9bra\u00efque au Maroc, le Centre de recherche sur l\u2019histoire des relations entre l\u2019Islam et le Juda\u00efsme et l\u2019Institut INSANIA pour les humanit\u00e9s avanc\u00e9es en Afrique et en M\u00e9diterran\u00e9e.<\/p>\n<p>M. Ben Abdelkader et la d\u00e9l\u00e9gation l\u2019accompagnant ont ainsi pu d\u00e9couvrir, \u00e0 travers des textes, des objets, des photos et des vid\u00e9os, les divers aspects de la vie, de la culture et du patrimoine juifs dans la cit\u00e9 des Aliz\u00e9s.<\/p>\n<p>Par ailleurs, le ministre et les membres de la d\u00e9l\u00e9gation ont visit\u00e9 une exposition d\u2019anciens documents et manuscrits de grande valeur historique inh\u00e9rents \u00e0 la justice h\u00e9bra\u00efque au Maroc, \u00e9manant de plusieurs tribunaux (Essaouira, T\u00e9touan, Tanger, F\u00e8s, Rabat et Erfoud).<\/p>\n<p>En marge de cette rencontre, le directeur du conservatoire de musique d\u2019Essaouira, Abdessamad Amara, a offert deux exemplaires semblables \u00e0 l\u2019authentique \u00ab\u00a0Oud Ramal Roubai Souiri\u00a0\u00bb, un luth de type andalou, confectionn\u00e9s par un artisan marocain, dont l\u2019un a \u00e9t\u00e9 remis \u00e0 \u00ab\u00a0Bayt Dakira\u00a0\u00bb et l\u2019autre au Mus\u00e9e Sidi Mohammed Ben Abdellah.<\/p>\n<\/div>\n<p>Auteur: Meriem IGASS<br \/>\n<a href=\"http:\/\/www.mapmarrakech.ma\/fr\/le-ministere-de-la-justice-et-abraham-zagouri-scellent-un-partenariat\/\">Cliquez ici pour lire l&rsquo;article depuis sa source.<\/a><\/p>\n","protected":false},"excerpt":{"rendered":"<p>Essaouira \u2013 Un m\u00e9morandum d\u2019entente a \u00e9t\u00e9 sign\u00e9, vendredi \u00e0 l\u2019Espace \u00ab\u00a0Bayt Dakira\u00a0\u00bb \u00e0 Essaouira, entre le minist\u00e8re de la Justice et le Centre d\u2019Etudes et de Recherches \u00ab\u00a0Abraham Zagouri\u00a0\u00bb sur le droit h\u00e9bra\u00efque au Maroc. Ce m\u00e9morandum a \u00e9t\u00e9 paraph\u00e9 par le ministre de la Justice, M. Mohamed Ben Abdelkader et le pr\u00e9sident du [&hellip;]<\/p>\n","protected":false},"author":1788,"featured_media":0,"comment_status":"closed","ping_status":"closed","sticky":false,"template":"","format":"standard","meta":{"fifu_image_url":"","fifu_image_alt":"","footnotes":""},"categories":[54,76],"tags":[],"class_list":["post-113404","post","type-post","status-publish","format-standard","hentry","category-maroc","category-regions"],"_links":{"self":[{"href":"https:\/\/linitiative.ca\/International\/wp-json\/wp\/v2\/posts\/113404","targetHints":{"allow":["GET"]}}],"collection":[{"href":"https:\/\/linitiative.ca\/International\/wp-json\/wp\/v2\/posts"}],"about":[{"href":"https:\/\/linitiative.ca\/International\/wp-json\/wp\/v2\/types\/post"}],"author":[{"embeddable":true,"href":"https:\/\/linitiative.ca\/International\/wp-json\/wp\/v2\/users\/1788"}],"replies":[{"embeddable":true,"href":"https:\/\/linitiative.ca\/International\/wp-json\/wp\/v2\/comments?post=113404"}],"version-history":[{"count":0,"href":"https:\/\/linitiative.ca\/International\/wp-json\/wp\/v2\/posts\/113404\/revisions"}],"wp:attachment":[{"href":"https:\/\/linitiative.ca\/International\/wp-json\/wp\/v2\/media?parent=113404"}],"wp:term":[{"taxonomy":"category","embeddable":true,"href":"https:\/\/linitiative.ca\/International\/wp-json\/wp\/v2\/categories?post=113404"},{"taxonomy":"post_tag","embeddable":true,"href":"https:\/\/linitiative.ca\/International\/wp-json\/wp\/v2\/tags?post=113404"}],"curies":[{"name":"wp","href":"https:\/\/api.w.org\/{rel}","templated":true}]}}