{"id":113405,"date":"2021-03-20T13:57:41","date_gmt":"2021-03-20T17:57:41","guid":{"rendered":"https:\/\/linitiative.ca\/International\/les-au-appelees-a-simpliquer-dans-le-developpement-des-territoires\/"},"modified":"2021-03-20T13:57:41","modified_gmt":"2021-03-20T17:57:41","slug":"les-au-appelees-a-simpliquer-dans-le-developpement-des-territoires","status":"publish","type":"post","link":"https:\/\/linitiative.ca\/International\/les-au-appelees-a-simpliquer-dans-le-developpement-des-territoires\/","title":{"rendered":"Les AU appel\u00e9es \u00e0 s\u2019impliquer dans le d\u00e9veloppement des territoires"},"content":{"rendered":"<div readability=\"41\">\n<p>Essaouira \u2013 La ministre de l\u2019Am\u00e9nagement du Territoire national, de l\u2019Urbanisme, de l\u2019Habitat et de la Politique de la Ville, Mme Nouzha Bouchareb, a appel\u00e9, samedi \u00e0 Essaouira, les Agences Urbaines \u00e0 s\u2019impliquer davantage dans le d\u00e9veloppement des territoires dans le contexte du nouveau mod\u00e8le de d\u00e9veloppement du Royaume.<\/p>\n<\/div>\n<div readability=\"165\">\n<p>Mme Bouchareb, qui s\u2019exprimait \u00e0 l\u2019ouverture de la Rencontre de la F\u00e9d\u00e9ration des Agences Urbaines du Maroc (MAJAL), initi\u00e9e sous le th\u00e8me \u00ab\u00a0Les Agences Urbaines au service de l\u2019innovation pour des territoires durables et r\u00e9silients\u00a0\u00bb, en pr\u00e9sence notamment du Conseiller de SM le Roi et pr\u00e9sident-fondateur de l\u2019Association Essaouira-Mogador, M. Andr\u00e9 Azoulay, et du gouverneur de la province d\u2019Essaouira, M. Adil El Maliki, a invit\u00e9 lesdits \u00e9tablissements \u00e0 faire preuve aussi d\u2019une grande mobilisation pour atteindre les Objectifs du d\u00e9veloppement durable, dans le cadre de l\u2019esprit d\u2019\u00e9quipe harmonieuse, doubl\u00e9 de cr\u00e9ativit\u00e9 et d\u2019innovation.<\/p>\n<p>Dans ce sens, la ministre a r\u00e9it\u00e9r\u00e9 son appel \u00e0 poursuivre plus que jamais les efforts d\u00e9ploy\u00e9s pour garantir le positionnement des Agences Urbaines non seulement dans le domaine de l\u2019urbanisme et de la gestion urbanistique, mais aussi en tant qu\u2019\u00e9tablissements strat\u00e9giques ayant une vision prospective claire garantissant un cadre de vie ad\u00e9quat pour la population ainsi que la contribution \u00e0 la mise en \u0153uvre de la r\u00e9gionalisation avanc\u00e9e et \u00e0 l\u2019acc\u00e9l\u00e9ration de la relance \u00e9conomique.<\/p>\n<p>Pour atteindre ces objectifs, a-t-elle insist\u00e9, il faut se focaliser davantage sur la vigilance, l\u2019innovation et l\u2019action prospective et concevoir des visions sur des projets int\u00e9gr\u00e9s m\u00ealant l\u2019am\u00e9nagement du territoire et l\u2019am\u00e9lioration du cadre de vie de l\u2019\u00eatre humain, tout en pr\u00e9servant le paysage architectural authentique et le patrimoine civilisationnel de la Nation marocaine, avec ses diff\u00e9rentes dimensions culturelles et ses divers affluents identitaires.<\/p>\n<p>Saluant le choix r\u00e9ussi et judicieux de la ville d\u2019Essaouira pour abriter les travaux de cette Rencontre, \u00e9tant donn\u00e9 la place historique de cette Cit\u00e9 qui regorge d\u2019un important patrimoine mat\u00e9riel et immat\u00e9riel, Mme Bouchareb a soutenu que l\u2019urbanisme doit prendre en consid\u00e9ration la pr\u00e9servation du patrimoine civilisationnel et la sauvegarde de la m\u00e9moire de la Nation qui est le r\u00e9sultat de la mixit\u00e9 des diff\u00e9rentes cultures humaines.<\/p>\n<p>Pour un urbanisme harmonieux, a-t-elle relev\u00e9, il faut donc s\u2019ouvrir sur d\u2019autres \u00e9nergies exog\u00e8nes telles que les historiens, les sociologues, les anthropologues et les arch\u00e9ologues, pour que les territoires du pays ne perdent pas leurs sp\u00e9cificit\u00e9s et caract\u00e9ristiques qui en constituent l\u2019\u00e2me vivante.<\/p>\n<p>Mme Bouchareb a aussi indiqu\u00e9 que cette Rencontre se veut une opportunit\u00e9 idoine d\u2019\u00e9change et de partage des bonnes pratiques dans le cadre d\u2019un espace familial \u00e9largi repr\u00e9sentant toutes les composantes du minist\u00e8re, ajoutant que cet espace constitue \u00e9galement une p\u00e9pini\u00e8re d\u2019id\u00e9es et de la cr\u00e9ativit\u00e9, qui repose sur un cumul de pr\u00e8s de 40 ans d\u2019expertise, d\u2019abn\u00e9gation et de travail continu sur le terrain et de proximit\u00e9 du citoyen.<\/p>\n<p>Elle a not\u00e9 que cette Rencontre est l\u2019occasion de garder \u00e0 l\u2019esprit les principes et les valeurs encadrant le fonctionnement des Agences Urbaines, \u00e0 savoir les valeurs d\u2019engagement et de d\u00e9vouement dans l\u2019accomplissement du devoir et le souci bienveillant pour la mise en \u0153uvre d\u2019une planification urbaine qui d\u00e9veloppe les territoires et contribue \u00e0 l\u2019am\u00e9lioration du cadre de vie de l\u2019\u00eatre humain.<\/p>\n<p>La ministre n\u2019a pas manqu\u00e9 de mettre en avant la ferme volont\u00e9 qui anime les composantes des Agences Urbaines, femmes et hommes, pour servir la Patrie, soulignant que la conjoncture de la crise sanitaire induite par la propagation de la pand\u00e9mie de la Covid-19 a \u00e9t\u00e9 une occasion pour mettre \u00e0 l\u2019\u00e9preuve cette d\u00e9termination et relever les d\u00e9fis urgents et in\u00e9dits.<\/p>\n<p>Ainsi, elle a mis en \u00e9vidence notamment l\u2019\u00e9lan de solidarit\u00e9 de MAJAL et la contribution des directeurs, des cadres et de l\u2019ensemble du personnel des Agences Urbaines au Fonds sp\u00e9cial d\u00e9di\u00e9 \u00e0 la gestion des effets de la pand\u00e9mie, ainsi que la mobilisation des ressources humaines et financi\u00e8res de ces \u00e9tablissements pour assurer la continuit\u00e9 de leurs activit\u00e9s et de leurs prestations en faveur des investisseurs et des usagers, en mettant \u00e0 profit les exp\u00e9riences r\u00e9ussies, cumul\u00e9es dans le domaine de l\u2019administration \u00e9lectronique et du d\u00e9veloppement des services \u00e0 distance.<\/p>\n<p>De son c\u00f4t\u00e9, le pr\u00e9sident de MAJAL, M. Amine Idrissi Belkasmi, a indiqu\u00e9 que cette Rencontre s\u2019inscrit dans les actions de la F\u00e9d\u00e9ration, cr\u00e9\u00e9e depuis 2006 en tant que r\u00e9seau f\u00e9d\u00e9rateur des Agences Urbaines, ajoutant qu\u2019\u00e0 travers ces actions, la F\u00e9d\u00e9ration se veut d\u2019\u00eatre \u00ab\u00a0une force de proposition\u00a0\u00bb en vue d\u2019asseoir une \u00ab\u00a0ing\u00e9nierie territoriale innovante\u00a0\u00bb par le biais de la mutualisation des bonnes pratiques, d\u2019o\u00f9 le choix de la th\u00e9matique abord\u00e9e lors de ce conclave.<\/p>\n<p>Rappelant que la 3\u00e8me Rencontre des Agences Urbaines a \u00e9t\u00e9 organis\u00e9e il y a pr\u00e8s de 11 ans \u00e0 Essaouira, M. Belkasmi, \u00e9galement Directeur de l\u2019Agence Urbaine d\u2019Agadir, a \u00e9mis le souhait de voir ce conclave constituer un moment fort de d\u00e9bat et de partage des d\u00e9marches innovantes initi\u00e9es par les Agences Urbaines au niveau des territoires, notamment dans les domaines de la valorisation des tissus patrimoniaux et de l\u2019utilisation des nouvelles technologies en mati\u00e8re de planification urbaine.<\/p>\n<p>Cette Rencontre, a-t-il dit, sera \u00e9galement l\u2019occasion de r\u00e9it\u00e9rer l\u2019engagement collectif des Agences Urbaines \u00e0 maintenir l\u2019\u00e9lan de solidarit\u00e9 et de mobilisation g\u00e9n\u00e9rale dans lequel elles se sont pleinement inscrites tout au long de cette conjoncture difficile conform\u00e9ment aux Hautes Orientations de SM le Roi Mohammed VI.<\/p>\n<p>\u00ab\u00a0Cet engagement est loin d\u2019\u00eatre circonstanciel, il l\u2019est et il le sera durable et continu\u00a0\u00bb, a-t-il soutenu en conclusion.<\/p>\n<p>Cette s\u00e9ance d\u2019ouverture a \u00e9t\u00e9 ponctu\u00e9e d\u2019une pr\u00e9sentation intitul\u00e9e \u00ab\u00a0Des agences urbaines innovantes pour des \u00e9tablissements humains r\u00e9silients\u00a0\u00bb, anim\u00e9e par la directrice de l\u2019Urbanisme au minist\u00e8re, Mme Badria Benjelloun, qui a notamment mis l\u2019accent sur les pratiques innovantes port\u00e9es par les Agences Urbaines pour co-construire des \u00e9tablissements humains r\u00e9silients, tout en faisant valoir les r\u00e9alisations de ces Agences pendant l\u2019ann\u00e9e 2020, marqu\u00e9e par la propagation de la Covid-19.<\/p>\n<p>Elle a \u00e9t\u00e9 aussi marqu\u00e9e par la pr\u00e9sentation d\u2019un film institutionnel sur les efforts d\u00e9ploy\u00e9s et les mesures prises par le minist\u00e8re de l\u2019Am\u00e9nagement du territoire national, de l\u2019Urbanisme, de l\u2019Habitat et de la Politique de la Ville en vue du d\u00e9veloppement et de la relance de ce secteur et de la lutte contre les effets n\u00e9gatifs engendr\u00e9s par la pand\u00e9mie de la Covid-19, ainsi que d\u2019une capsule vid\u00e9o sur le G\u00e9oportail national des documents d\u2019urbanisme, qui se veut une plateforme num\u00e9rique interactive et cartographique, accessible aux citoyens et aux professionnels, qui permet \u00e0 l\u2019ensemble des Agences Urbaines de publier en ligne leurs documents d\u2019urbanisme homologu\u00e9s, pour une meilleure ma\u00eetrise de la planification urbaine et du d\u00e9veloppement des territoires.<\/p>\n<\/div>\n<p>Auteur: Meriem IGASS<br \/>\n<a href=\"http:\/\/www.mapmarrakech.ma\/fr\/les-agences-urbaines-appelees-a-simpliquer-dans-le-developpement-des-territoires\/\">Cliquez ici pour lire l&rsquo;article depuis sa source.<\/a><\/p>\n","protected":false},"excerpt":{"rendered":"<p>Essaouira \u2013 La ministre de l\u2019Am\u00e9nagement du Territoire national, de l\u2019Urbanisme, de l\u2019Habitat et de la Politique de la Ville, Mme Nouzha Bouchareb, a appel\u00e9, samedi \u00e0 Essaouira, les Agences Urbaines \u00e0 s\u2019impliquer davantage dans le d\u00e9veloppement des territoires dans le contexte du nouveau mod\u00e8le de d\u00e9veloppement du Royaume. Mme Bouchareb, qui s\u2019exprimait \u00e0 l\u2019ouverture [&hellip;]<\/p>\n","protected":false},"author":1788,"featured_media":0,"comment_status":"closed","ping_status":"closed","sticky":false,"template":"","format":"standard","meta":{"fifu_image_url":"","fifu_image_alt":"","footnotes":""},"categories":[54,76],"tags":[],"class_list":["post-113405","post","type-post","status-publish","format-standard","hentry","category-maroc","category-regions"],"_links":{"self":[{"href":"https:\/\/linitiative.ca\/International\/wp-json\/wp\/v2\/posts\/113405","targetHints":{"allow":["GET"]}}],"collection":[{"href":"https:\/\/linitiative.ca\/International\/wp-json\/wp\/v2\/posts"}],"about":[{"href":"https:\/\/linitiative.ca\/International\/wp-json\/wp\/v2\/types\/post"}],"author":[{"embeddable":true,"href":"https:\/\/linitiative.ca\/International\/wp-json\/wp\/v2\/users\/1788"}],"replies":[{"embeddable":true,"href":"https:\/\/linitiative.ca\/International\/wp-json\/wp\/v2\/comments?post=113405"}],"version-history":[{"count":0,"href":"https:\/\/linitiative.ca\/International\/wp-json\/wp\/v2\/posts\/113405\/revisions"}],"wp:attachment":[{"href":"https:\/\/linitiative.ca\/International\/wp-json\/wp\/v2\/media?parent=113405"}],"wp:term":[{"taxonomy":"category","embeddable":true,"href":"https:\/\/linitiative.ca\/International\/wp-json\/wp\/v2\/categories?post=113405"},{"taxonomy":"post_tag","embeddable":true,"href":"https:\/\/linitiative.ca\/International\/wp-json\/wp\/v2\/tags?post=113405"}],"curies":[{"name":"wp","href":"https:\/\/api.w.org\/{rel}","templated":true}]}}