{"id":113407,"date":"2021-03-20T05:49:37","date_gmt":"2021-03-20T09:49:37","guid":{"rendered":"https:\/\/linitiative.ca\/International\/generation-green-le-plan-agricole-regional-devoile\/"},"modified":"2021-03-20T05:49:37","modified_gmt":"2021-03-20T09:49:37","slug":"generation-green-le-plan-agricole-regional-devoile","status":"publish","type":"post","link":"https:\/\/linitiative.ca\/International\/generation-green-le-plan-agricole-regional-devoile\/","title":{"rendered":"\u00ab\u00a0G\u00e9n\u00e9ration Green\u00a0\u00bb : le Plan agricole r\u00e9gional d\u00e9voil\u00e9"},"content":{"rendered":"<p class=\"c4\">Les grandes lignes du Plan agricole de la strat\u00e9gie \u00ab\u00a0G\u00e9n\u00e9ration Green\u00a0\u00bb pour la r\u00e9gion de l\u2019Oriental ont \u00e9t\u00e9 d\u00e9voil\u00e9es, vendredi \u00e0 Oujda, \u00e0 l\u2019occasion de la tenue de la premi\u00e8re session ordinaire de la Chambre d\u2019agriculture de l\u2019Oriental au titre de l\u2019ann\u00e9e 2021.<\/p>\n<p class=\"c4\">Cette session, qui s\u2019est d\u00e9roul\u00e9e en pr\u00e9sence notamment du Secr\u00e9taire g\u00e9n\u00e9ral du minist\u00e8re de l\u2019Agriculture, de la p\u00eache maritime, du d\u00e9veloppement rural et des eaux et for\u00eats, Mohamed Sadiki, a connu l\u2019adoption du compte administratif des budgets de gestion et d\u2019investissement de la Chambre au titre de 2020 ainsi que du projet des budgets d\u2019investissement et de gestion au titre de 2021.<\/p>\n<p class=\"c4\">Dans son intervention, M. Sadiki a rappel\u00e9 la situation exceptionnelle de crise sanitaire induite par le nouveau coronavirus (Covid-19) et les retomb\u00e9es de cette pand\u00e9mie sur l\u2019ensemble des secteurs productifs, dont celui de l\u2019agriculture, saluant dans ce sens les efforts d\u00e9ploy\u00e9s par les agriculteurs et les professionnels du secteur pour assurer la production et l\u2019approvisionnement du march\u00e9 national en produits agricoles et alimentaires.<\/p>\n<p class=\"c4\">Il a soulign\u00e9 par la m\u00eame occasion la dynamique de d\u00e9veloppement qu\u2019a connue le secteur agricole \u00e0 la faveur notamment du Plan Maroc Vert (PMV), mettant en avant les objectifs de la strat\u00e9gie \u00ab\u00a0G\u00e9n\u00e9ration Green 2020-2030\u00a0\u00bb lanc\u00e9e par SM le Roi Mohammed VI en f\u00e9vrier 2020.<\/p>\n<p class=\"c4\">Cette nouvelle feuille de route, a-t-il dit, a \u00e9t\u00e9 \u00e9labor\u00e9e sur la base d\u2019une \u00e9valuation objective des r\u00e9sultats du Plan Maroc Vert avec l\u2019ensemble des acteurs du secteur, et ce pour conforter les acquis et poursuivre la dynamique de d\u00e9veloppement agricole via des actions adapt\u00e9es et en favorisant le d\u00e9veloppement humain et social.<\/p>\n<p class=\"c4\">De son c\u00f4t\u00e9, Mohamed Bousfoul, directeur r\u00e9gional de l\u2019Agriculture de l\u2019Oriental, a mis l\u2019accent sur les deux piliers de la Strat\u00e9gie \u00ab\u00a0G\u00e9n\u00e9ration Green\u00a0\u00bb, \u00e0 savoir la priorit\u00e9 \u00e0 l\u2019\u00e9l\u00e9ment humain et la poursuite de la dynamique du d\u00e9veloppement agricole.<\/p>\n<p class=\"c4\">Et de pr\u00e9ciser qu\u2019au niveau de la r\u00e9gion de l\u2019Oriental le plan agricole r\u00e9gional de cette nouvelle vision ambitionne, en ce qui concerne l\u2019\u00e9mergence d\u2019une nouvelle g\u00e9n\u00e9ration de classe moyenne agricole, de porter le nombre de m\u00e9nages composant cette cat\u00e9gorie de 16.520 en 2019 \u00e0 55.020 en 2030, soit 38.500 m\u00e9nages de plus.<\/p>\n<p class=\"c4\">Il a soulign\u00e9 \u00e9galement l\u2019\u00e9largissement de l\u2019assurance agricole pour couvrir un total de 200.000 hectares en 2030 dans la r\u00e9gion, dont 158.000 ha de c\u00e9r\u00e9ales et 42.000 ha d\u2019arbres fruitiers, mettant l\u2019accent sur la programmation de 606 millions de dirhams (MDH) des subventions de l\u2019Etat dans le cadre de l\u2019assurance agricole.<\/p>\n<p class=\"c4\">M. Bousfoul a aussi fait savoir que le nombre d\u2019agriculteurs et d\u2019ouvriers qui b\u00e9n\u00e9ficieront de la protection sociale \u00e0 l\u2019horizon 2030 sera port\u00e9 respectivement \u00e0 154.000 agriculteurs, contre 1.200 en 2019, et 224.000 ouvriers contre 5.276 en 2019.<\/p>\n<p class=\"c4\">Pour ce qui est de l\u2019\u00e9mergence d\u2019une nouvelle g\u00e9n\u00e9ration de jeunes entrepreneurs agricoles, il a avanc\u00e9 la mobilisation d\u2019un investissement global de l\u2019ordre de 5,5 milliards de dirhams (MMDH), dont 3 MMDH provenant des subventions de l\u2019Etat.<\/p>\n<p class=\"c4\">Le plan r\u00e9gional pr\u00e9voit aussi la cr\u00e9ation de 900 coop\u00e9ratives et entreprises de services agricoles au profit de 5.540 jeunes, le tout avec un investissement total estim\u00e9 \u00e0 un milliard de dirhams, en sus du grand int\u00e9r\u00eat qui sera accord\u00e9 \u00e0 la formation professionnelle agricole, \u00e0 la nouvelle g\u00e9n\u00e9ration d\u2019organisations agricoles et de mesures d\u2019accompagnement, au programme de suivi des projets de la strat\u00e9gie \u00ab\u00a0G\u00e9n\u00e9ration Green\u00a0\u00bb, et au conseil agricole.<\/p>\n<p class=\"c4\">S\u2019agissant de l\u2019axe relatif \u00e0 la poursuite de la dynamique de d\u00e9veloppement agricole, M. Bousfoul a mis l\u2019accent, entre autres, sur le renforcement des fili\u00e8res de production v\u00e9g\u00e9tale et animale, le d\u00e9veloppement de l\u2019agriculture biologique et la cr\u00e9ation d\u2019unit\u00e9s modernes de valorisation, de m\u00eame que la valeur des exportations devra passer de 680 MDH en 2020 \u00e0 1.124 MDH en 2025 pour atteindre 1.551 MDH en 2030,<\/p>\n<p class=\"c4\">L\u2019impact socio-\u00e9conomique de ces actions se traduira par une hausse du chiffre d\u2019affaires qui va passer de 10,2 MMDH en 2020 \u00e0 13,4 MMDH en 2025 et \u00e0 17,8 MMDH en 2030, alors que la valeur ajout\u00e9e sera port\u00e9e de 6,8 MMDH en 2020 \u00e0 13,3 MMDH en 2030, et les journ\u00e9es de travail de 36 millions en 2020 \u00e0 45 millions en 2030.<\/p>\n<p class=\"c4\">Le m\u00eame responsable a par ailleurs \u00e9voqu\u00e9 la structuration des march\u00e9s de gros, la modernisation des souks, la mise \u00e0 niveau de l\u2019infrastructure des abattoirs, le d\u00e9veloppement de la recherche et de la technologie verte, et la promotion d\u2019une agriculture r\u00e9siliente aux changements climatiques, performante et respectueuse de l\u2019environnement.<\/p>\n<p class=\"c4\">Cette session, marqu\u00e9e par un d\u00e9bat franc et fructueux ax\u00e9 sur les diff\u00e9rents probl\u00e8mes rencontr\u00e9s par les agriculteurs de la r\u00e9gion et les moyens d\u2019y rem\u00e9dier, s\u2019est tenue en pr\u00e9sence du pr\u00e9sident de la Chambre r\u00e9gionale d\u2019agriculture, du secr\u00e9taire g\u00e9n\u00e9ral de la Wilaya de l\u2019Oriental et de membres de la Chambre.<\/p>\n<p>Auteur: Soufiane ELAHMAR<br \/>\n<a href=\"http:\/\/www.mapoujda.ma\/fr\/oujda-presentation-des-grandes-lignes-du-plan-agricole-regional\/\">Cliquez ici pour lire l&rsquo;article depuis sa source.<\/a><\/p>\n","protected":false},"excerpt":{"rendered":"<p>Les grandes lignes du Plan agricole de la strat\u00e9gie \u00ab\u00a0G\u00e9n\u00e9ration Green\u00a0\u00bb pour la r\u00e9gion de l\u2019Oriental ont \u00e9t\u00e9 d\u00e9voil\u00e9es, vendredi \u00e0 Oujda, \u00e0 l\u2019occasion de la tenue de la premi\u00e8re session ordinaire de la Chambre d\u2019agriculture de l\u2019Oriental au titre de l\u2019ann\u00e9e 2021. Cette session, qui s\u2019est d\u00e9roul\u00e9e en pr\u00e9sence notamment du Secr\u00e9taire g\u00e9n\u00e9ral du [&hellip;]<\/p>\n","protected":false},"author":1788,"featured_media":0,"comment_status":"closed","ping_status":"closed","sticky":false,"template":"","format":"standard","meta":{"fifu_image_url":"","fifu_image_alt":"","footnotes":""},"categories":[54,76],"tags":[],"class_list":["post-113407","post","type-post","status-publish","format-standard","hentry","category-maroc","category-regions"],"_links":{"self":[{"href":"https:\/\/linitiative.ca\/International\/wp-json\/wp\/v2\/posts\/113407","targetHints":{"allow":["GET"]}}],"collection":[{"href":"https:\/\/linitiative.ca\/International\/wp-json\/wp\/v2\/posts"}],"about":[{"href":"https:\/\/linitiative.ca\/International\/wp-json\/wp\/v2\/types\/post"}],"author":[{"embeddable":true,"href":"https:\/\/linitiative.ca\/International\/wp-json\/wp\/v2\/users\/1788"}],"replies":[{"embeddable":true,"href":"https:\/\/linitiative.ca\/International\/wp-json\/wp\/v2\/comments?post=113407"}],"version-history":[{"count":0,"href":"https:\/\/linitiative.ca\/International\/wp-json\/wp\/v2\/posts\/113407\/revisions"}],"wp:attachment":[{"href":"https:\/\/linitiative.ca\/International\/wp-json\/wp\/v2\/media?parent=113407"}],"wp:term":[{"taxonomy":"category","embeddable":true,"href":"https:\/\/linitiative.ca\/International\/wp-json\/wp\/v2\/categories?post=113407"},{"taxonomy":"post_tag","embeddable":true,"href":"https:\/\/linitiative.ca\/International\/wp-json\/wp\/v2\/tags?post=113407"}],"curies":[{"name":"wp","href":"https:\/\/api.w.org\/{rel}","templated":true}]}}