{"id":113408,"date":"2021-03-20T05:39:54","date_gmt":"2021-03-20T09:39:54","guid":{"rendered":"https:\/\/linitiative.ca\/International\/bourita-recoit-son-homologue-guineen\/"},"modified":"2021-03-20T05:39:54","modified_gmt":"2021-03-20T09:39:54","slug":"bourita-recoit-son-homologue-guineen","status":"publish","type":"post","link":"https:\/\/linitiative.ca\/International\/bourita-recoit-son-homologue-guineen\/","title":{"rendered":"Bourita re\u00e7oit son homologue guin\u00e9en"},"content":{"rendered":"<p class=\"rtejustify\">Le ministre des Affaires \u00e9trang\u00e8res, de la Coop\u00e9ration africaine et des Marocains r\u00e9sidant \u00e0 l\u2019\u00e9tranger, Nasser Bourita, a re\u00e7u vendredi le minist\u00e8re des Affaires \u00e9trang\u00e8res et des Guin\u00e9ens de l&rsquo;\u00e9tranger, Ibrahima Khalil Kaba, porteur d&rsquo;un message du pr\u00e9sident Alpha Cond\u00e9 \u00e0 Sa Majest\u00e9 le Roi Mohammed VI.<\/p>\n<p class=\"rtejustify\">Lors d&rsquo;une conf\u00e9rence de presse tenue \u00e0 l&rsquo;issue des entretiens avec Bourita, Kaba a soulign\u00e9 que les relation entre le Royaume du Maroc et la Guin\u00e9e ont toujours \u00e9t\u00e9 \u00ab\u00a0tr\u00e8s sp\u00e9ciales\u00a0\u00bb et se sont davantage renforc\u00e9es gr\u00e2ce aux \u00e9changes de visites des dirigeants des deux pays. Kaba, qui a choisi le Maroc pour sa premi\u00e8re visite officielle depuis sa nomination, a d\u00e9clar\u00e9 que \u00ab\u00a0nous savons, nous Guin\u00e9ens, que le Maroc a toujours \u00e9t\u00e9 l\u00e0 pour nous car les choses n&rsquo;\u00e9taient pas toujours tr\u00e8s simples\u00a0\u00bb, exprimant, \u00e0 cet \u00e9gard, les remerciements du gouvernement guin\u00e9en et de son pr\u00e9sident au Royaume du Maroc et \u00e0 SM le Roi \u00ab\u00a0pour l&rsquo;appui qui nous a \u00e9t\u00e9 apport\u00e9 surtout lors de notre \u00e9pid\u00e9mie d\u00e9vastatrice d&rsquo;Ebola.\u00a0\u00bb<\/p>\n<p class=\"rtejustify\">\u00ab\u00a0Le Maroc a \u00e9t\u00e9 l&rsquo;un des rares pays \u00e0 garder ses fronti\u00e8res et ses lignes a\u00e9riennes ouvertes, qui ont permis l&rsquo;acheminement du mat\u00e9riel humanitaire en Guin\u00e9e\u00a0\u00bb, a rappel\u00e9 Kaba.<\/p>\n<p class=\"rtejustify\">Pour sa part, Bourita a soulign\u00e9 que la visite du responsable guin\u00e9en au Maroc refl\u00e8te la qualit\u00e9 et le caract\u00e8re \u00ab\u00a0exceptionnel et tr\u00e8s sp\u00e9cial\u00a0\u00bb des relations relations bilat\u00e9rales, lesquelles sont port\u00e9es par Sa Majest\u00e9 le Roi Mohammed VI et le pr\u00e9sident Alpha Cond\u00e9 \u00e0 travers les deux visites royales en Guin\u00e9e en 2014 et 2017, et les six visites du pr\u00e9sident guin\u00e9en au Maroc, qui ont insuffl\u00e9 une nouvelle dynamique et donn\u00e9 une forte impulsion \u00e0 ces relations. Le ministre a tenu \u00e0 adresser ses remerciements au pr\u00e9sident guin\u00e9en pour son soutien permanent et actif \u00e0 la marocanit\u00e9 du Sahara, et pour la solidarit\u00e9 constante de la Guin\u00e9e envers le Maroc dans les instances r\u00e9gionales et internationales.<\/p>\n<p class=\"rtejustify\">Par ailleurs, Bourita a fait savoir que les deux parties ont convenu, lors de ces entretiens, de travailler pour la mise en \u0153uvre de l&rsquo;ensemble des accords qui ont \u00e9t\u00e9 sign\u00e9s devant les deux chef d\u2019\u00c9tats dont la grande partie a compl\u00e9tement \u00e9t\u00e9 mise en \u0153uvre, tandis que d&rsquo;autres n\u00e9cessitent un accompagnement pour une mise en \u0153uvre compl\u00e8te et rapide. La visite du ministre guin\u00e9en au Maroc est de nature \u00e0 baliser le terrain pour une meilleure coordination sur les questions d&rsquo;int\u00e9r\u00eat commun, afin de tracer une feuille de route pour la mise en \u0153uvre de tous ces engagements, a-t-il ajout\u00e9.<\/p>\n<p class=\"rtejustify\">Bourita a \u00e9galement indiqu\u00e9 avoir examin\u00e9 avec son homologue guin\u00e9en un axe important de la coop\u00e9ration bilat\u00e9rale, \u00e0 savoir celui de la formation, \u00e9tant donn\u00e9 que le Maroc a form\u00e9 plus de 5.000 \u00e9tudiant guin\u00e9ens, faisant savoir qu&rsquo;aujourd&rsquo;hui \u00ab\u00a0le nombre de bourses de formation a \u00e9t\u00e9 augment\u00e9 \u00e0 270 bourses annuelles, y compris celles qui concernent la formation dans les provinces du Sud du Royaume dans le cadre de l&rsquo;ouverture du consulat de Guin\u00e9e \u00e0 Dakhla\u00a0\u00bb.<\/p>\n<p class=\"rtejustify\">La rencontre entre les deux responsables a \u00e9t\u00e9 marqu\u00e9e par la signature d&rsquo;un accord de coop\u00e9ration entre l&rsquo;Acad\u00e9mie diplomatique marocaine et le Centre de formation diplomatique de Guin\u00e9e visant \u00e0 renforcer la coordination entre les deux diplomaties.<\/p>\n<p>Auteur: mbasraoui<br \/>\n<a href=\"https:\/\/www.leconomiste.com\/flash-infos\/bourita-recoit-son-homologue-guineen\">Cliquez ici pour lire l&rsquo;article depuis sa source.<\/a><\/p>\n","protected":false},"excerpt":{"rendered":"<p>Le ministre des Affaires \u00e9trang\u00e8res, de la Coop\u00e9ration africaine et des Marocains r\u00e9sidant \u00e0 l\u2019\u00e9tranger, Nasser Bourita, a re\u00e7u vendredi le minist\u00e8re des Affaires \u00e9trang\u00e8res et des Guin\u00e9ens de l&rsquo;\u00e9tranger, Ibrahima Khalil Kaba, porteur d&rsquo;un message du pr\u00e9sident Alpha Cond\u00e9 \u00e0 Sa Majest\u00e9 le Roi Mohammed VI. Lors d&rsquo;une conf\u00e9rence de presse tenue \u00e0 l&rsquo;issue [&hellip;]<\/p>\n","protected":false},"author":1763,"featured_media":0,"comment_status":"closed","ping_status":"closed","sticky":false,"template":"","format":"standard","meta":{"fifu_image_url":"","fifu_image_alt":"","footnotes":""},"categories":[78,54],"tags":[],"class_list":["post-113408","post","type-post","status-publish","format-standard","hentry","category-economie","category-maroc"],"_links":{"self":[{"href":"https:\/\/linitiative.ca\/International\/wp-json\/wp\/v2\/posts\/113408","targetHints":{"allow":["GET"]}}],"collection":[{"href":"https:\/\/linitiative.ca\/International\/wp-json\/wp\/v2\/posts"}],"about":[{"href":"https:\/\/linitiative.ca\/International\/wp-json\/wp\/v2\/types\/post"}],"author":[{"embeddable":true,"href":"https:\/\/linitiative.ca\/International\/wp-json\/wp\/v2\/users\/1763"}],"replies":[{"embeddable":true,"href":"https:\/\/linitiative.ca\/International\/wp-json\/wp\/v2\/comments?post=113408"}],"version-history":[{"count":0,"href":"https:\/\/linitiative.ca\/International\/wp-json\/wp\/v2\/posts\/113408\/revisions"}],"wp:attachment":[{"href":"https:\/\/linitiative.ca\/International\/wp-json\/wp\/v2\/media?parent=113408"}],"wp:term":[{"taxonomy":"category","embeddable":true,"href":"https:\/\/linitiative.ca\/International\/wp-json\/wp\/v2\/categories?post=113408"},{"taxonomy":"post_tag","embeddable":true,"href":"https:\/\/linitiative.ca\/International\/wp-json\/wp\/v2\/tags?post=113408"}],"curies":[{"name":"wp","href":"https:\/\/api.w.org\/{rel}","templated":true}]}}