{"id":113409,"date":"2021-03-20T05:42:11","date_gmt":"2021-03-20T09:42:11","guid":{"rendered":"https:\/\/linitiative.ca\/International\/tetouan-park-installation-dune-unite-de-recyclage-du-textile\/"},"modified":"2021-03-20T05:42:11","modified_gmt":"2021-03-20T09:42:11","slug":"tetouan-park-installation-dune-unite-de-recyclage-du-textile","status":"publish","type":"post","link":"https:\/\/linitiative.ca\/International\/tetouan-park-installation-dune-unite-de-recyclage-du-textile\/","title":{"rendered":"T\u00e9touan Park: Installation d&rsquo;une unit\u00e9 de recyclage du textile"},"content":{"rendered":"<p class=\"rtejustify\">Un accord a \u00e9t\u00e9 \u00e9tabli, vendredi, pour l\u2019installation d\u2019une unit\u00e9 de recyclage et valorisation du textile dans la zone industrielle de T\u00e9touan Park, et ce dans le cadre de la mise en \u0153uvre du programme int\u00e9gr\u00e9 de d\u00e9veloppement \u00e9conomique et social de la pr\u00e9fecture de M\u2019diq-Fnideq et de la province de T\u00e9touan.<\/p>\n<p class=\"rtejustify\">Cet accord, conclu en pr\u00e9sence du wali de la r\u00e9gion de Tanger-T\u00e9touan-Al Hoceima (TTA), du gouverneur de la province de Fahs-Anjra, du gouverneur de la province de T\u00e9touan, du directeur g\u00e9n\u00e9ral de l\u2019Agence pour la promotion et le d\u00e9veloppement du Nord (APDN), du directeur g\u00e9n\u00e9ral du Centre r\u00e9gional d\u2019investissement de la r\u00e9gion, du directeur g\u00e9n\u00e9ral de Tanger Med Zones (TMZ), du directeur r\u00e9gional du minist\u00e8re de l\u2019Industrie, du commerce, de l\u2019\u00e9conomie verte et num\u00e9rique, et du directeur r\u00e9gional de l&rsquo;Agence nationale de promotion de l&#8217;emploi et des comp\u00e9tences (ANAPEC), porte sur l&rsquo;installation de cette unit\u00e9 industrielle \u00e0 T\u00e9touan Park, indiquele CRI de TTA.<\/p>\n<p class=\"rtejustify\">Cette nouvelle installation, qui d\u00e9butera son activit\u00e9 \u00e0 partir de lundi prochain, pr\u00e9voit la cr\u00e9ation de 300 emplois directs au profit de la population de la province de T\u00e9touan et de la pr\u00e9fecture de Fnideq \u00e0 terme. Et afin d\u2019offrir \u00e0 ses employ\u00e9s un cadre de travail confortable, la soci\u00e9t\u00e9 assurera le transport gratuit de ces ouvriers lesquels b\u00e9n\u00e9ficieront d\u2019une avance sur salaire d\u00e8s la signature de leurs contrats Anapec, pr\u00e9cise la m\u00eame source.<\/p>\n<p class=\"rtejustify\">Il convient de rappeler qu&rsquo;un ensemble d\u2019actions ont \u00e9t\u00e9 \u00e9tablies, afin de lutter contre les effets d\u00e9l\u00e9t\u00e8res de la crise du coronavirus sur l\u2019\u00e9conomie de la pr\u00e9fecture M\u2019diq-Fnideq. Il s&rsquo;agit notamment de l&rsquo;acc\u00e9l\u00e9ration de l\u2019am\u00e9nagement de la nouvelle zone d\u2019activit\u00e9s \u00e9conomiques \u00e0 Fnideq, dont le co\u00fbt global s\u2019\u00e9l\u00e8ve \u00e0 200 millions de dirhams (MDH), \u00e0 travers la cr\u00e9ation d\u2019une plateforme de 10 ha d\u00e9di\u00e9e \u00e0 l\u2019accueil des activit\u00e9s \u00e9conomiques \u00e0 forte valeur ajout\u00e9e, et de l&rsquo;incitation d\u2019un ensemble d\u2019op\u00e9rateurs \u00e9conomiques \u00e0 s\u2019installer dans les villes de T\u00e9touan et de Fnideq, ce qui a permis la cr\u00e9ation d&rsquo;environ 1.000 emplois.<\/p>\n<p class=\"rtejustify\">A cela s&rsquo;ajoutent la mise en \u0153uvre d\u2019un programme d\u2019initiatives \u00e9conomiques int\u00e9gr\u00e9es de la pr\u00e9fecture de M\u2019diq-Fnideq et de la province de T\u00e9touan, pour la p\u00e9riode 2021-2023, et la mise en place de 5 caisses de financement des initiatives d\u2019auto-emploi, d\u2019un budget de plus de 60 MDH, \u00e0 la pr\u00e9fecture de M\u2019diq Fnideq et \u00e0 la province de T\u00e9touan.<\/p>\n<p class=\"rtejustify\">\u00a0<\/p>\n<p>Auteur: mbasraoui<br \/>\n<a href=\"https:\/\/www.leconomiste.com\/flash-infos\/tetouan-park-installation-d-une-unite-de-recyclage-du-textile\">Cliquez ici pour lire l&rsquo;article depuis sa source.<\/a><\/p>\n","protected":false},"excerpt":{"rendered":"<p>Un accord a \u00e9t\u00e9 \u00e9tabli, vendredi, pour l\u2019installation d\u2019une unit\u00e9 de recyclage et valorisation du textile dans la zone industrielle de T\u00e9touan Park, et ce dans le cadre de la mise en \u0153uvre du programme int\u00e9gr\u00e9 de d\u00e9veloppement \u00e9conomique et social de la pr\u00e9fecture de M\u2019diq-Fnideq et de la province de T\u00e9touan. Cet accord, conclu [&hellip;]<\/p>\n","protected":false},"author":1763,"featured_media":0,"comment_status":"closed","ping_status":"closed","sticky":false,"template":"","format":"standard","meta":{"fifu_image_url":"","fifu_image_alt":"","footnotes":""},"categories":[78,54],"tags":[],"class_list":["post-113409","post","type-post","status-publish","format-standard","hentry","category-economie","category-maroc"],"_links":{"self":[{"href":"https:\/\/linitiative.ca\/International\/wp-json\/wp\/v2\/posts\/113409","targetHints":{"allow":["GET"]}}],"collection":[{"href":"https:\/\/linitiative.ca\/International\/wp-json\/wp\/v2\/posts"}],"about":[{"href":"https:\/\/linitiative.ca\/International\/wp-json\/wp\/v2\/types\/post"}],"author":[{"embeddable":true,"href":"https:\/\/linitiative.ca\/International\/wp-json\/wp\/v2\/users\/1763"}],"replies":[{"embeddable":true,"href":"https:\/\/linitiative.ca\/International\/wp-json\/wp\/v2\/comments?post=113409"}],"version-history":[{"count":0,"href":"https:\/\/linitiative.ca\/International\/wp-json\/wp\/v2\/posts\/113409\/revisions"}],"wp:attachment":[{"href":"https:\/\/linitiative.ca\/International\/wp-json\/wp\/v2\/media?parent=113409"}],"wp:term":[{"taxonomy":"category","embeddable":true,"href":"https:\/\/linitiative.ca\/International\/wp-json\/wp\/v2\/categories?post=113409"},{"taxonomy":"post_tag","embeddable":true,"href":"https:\/\/linitiative.ca\/International\/wp-json\/wp\/v2\/tags?post=113409"}],"curies":[{"name":"wp","href":"https:\/\/api.w.org\/{rel}","templated":true}]}}