{"id":113411,"date":"2021-03-20T12:06:47","date_gmt":"2021-03-20T16:06:47","guid":{"rendered":"https:\/\/linitiative.ca\/International\/neymar-de-retour-dans-le-groupe-du-psg\/"},"modified":"2021-03-20T12:06:47","modified_gmt":"2021-03-20T16:06:47","slug":"neymar-de-retour-dans-le-groupe-du-psg","status":"publish","type":"post","link":"https:\/\/linitiative.ca\/International\/neymar-de-retour-dans-le-groupe-du-psg\/","title":{"rendered":"Neymar de retour dans le groupe du PSG"},"content":{"rendered":"<p class=\"rtejustify\">Neymar a fait son retour dans le groupe du Paris Saint-Germain apr\u00e8s cinq semaines d&rsquo;absences et devrait rejouer lors du choc contre Lyon, dimanche (21h00), a annonc\u00e9 samedi son entra\u00eeneur, Mauricio Pochettino.<\/p>\n<p class=\"rtejustify\">\u00ab\u00a0Neymar est dans la liste des convoqu\u00e9s, c&rsquo;est une \u00e9norme joie de pouvoir compter sur lui, pour lui comme pour l&rsquo;\u00e9quipe\u00a0\u00bb, a indiqu\u00e9 le technicien argentin. Le Br\u00e9silien s&rsquo;\u00e9tait bless\u00e9 aux adducteurs \u00e0 Caen (L2), en Coupe de France (victoire 1-0), le 10 f\u00e9vrier. \u00ab\u00a0Ney\u00a0\u00bb aura deux matches, celui contre l&rsquo;OL et un autre choc de L1 face \u00e0 Lille, le 3 avril, pour retrouver le rythme en vue du duel europ\u00e9en.<\/p>\n<p class=\"rtejustify\">Le buteur argentin Mauro Icardi, touch\u00e9 contre Lille mercredi, ne figure pas dans le groupe, comme le d\u00e9fenseur allemand Thilo Kehrer.<\/p>\n<p class=\"rtejustify\">Le milieu espagnol Pablo Sarabia, g\u00ean\u00e9 \u00e0 une hanche, poursuit ses soins.<\/p>\n<p>Auteur: mbasraoui<br \/>\n<a href=\"https:\/\/www.leconomiste.com\/flash-infos\/neymar-de-retour-dans-le-groupe-du-psg\">Cliquez ici pour lire l&rsquo;article depuis sa source.<\/a><\/p>\n","protected":false},"excerpt":{"rendered":"<p>Neymar a fait son retour dans le groupe du Paris Saint-Germain apr\u00e8s cinq semaines d&rsquo;absences et devrait rejouer lors du choc contre Lyon, dimanche (21h00), a annonc\u00e9 samedi son entra\u00eeneur, Mauricio Pochettino. \u00ab\u00a0Neymar est dans la liste des convoqu\u00e9s, c&rsquo;est une \u00e9norme joie de pouvoir compter sur lui, pour lui comme pour l&rsquo;\u00e9quipe\u00a0\u00bb, a indiqu\u00e9 [&hellip;]<\/p>\n","protected":false},"author":1763,"featured_media":0,"comment_status":"closed","ping_status":"closed","sticky":false,"template":"","format":"standard","meta":{"fifu_image_url":"","fifu_image_alt":"","footnotes":""},"categories":[78,54],"tags":[],"class_list":["post-113411","post","type-post","status-publish","format-standard","hentry","category-economie","category-maroc"],"_links":{"self":[{"href":"https:\/\/linitiative.ca\/International\/wp-json\/wp\/v2\/posts\/113411","targetHints":{"allow":["GET"]}}],"collection":[{"href":"https:\/\/linitiative.ca\/International\/wp-json\/wp\/v2\/posts"}],"about":[{"href":"https:\/\/linitiative.ca\/International\/wp-json\/wp\/v2\/types\/post"}],"author":[{"embeddable":true,"href":"https:\/\/linitiative.ca\/International\/wp-json\/wp\/v2\/users\/1763"}],"replies":[{"embeddable":true,"href":"https:\/\/linitiative.ca\/International\/wp-json\/wp\/v2\/comments?post=113411"}],"version-history":[{"count":0,"href":"https:\/\/linitiative.ca\/International\/wp-json\/wp\/v2\/posts\/113411\/revisions"}],"wp:attachment":[{"href":"https:\/\/linitiative.ca\/International\/wp-json\/wp\/v2\/media?parent=113411"}],"wp:term":[{"taxonomy":"category","embeddable":true,"href":"https:\/\/linitiative.ca\/International\/wp-json\/wp\/v2\/categories?post=113411"},{"taxonomy":"post_tag","embeddable":true,"href":"https:\/\/linitiative.ca\/International\/wp-json\/wp\/v2\/tags?post=113411"}],"curies":[{"name":"wp","href":"https:\/\/api.w.org\/{rel}","templated":true}]}}