{"id":113412,"date":"2021-03-20T13:17:13","date_gmt":"2021-03-20T17:17:13","guid":{"rendered":"https:\/\/linitiative.ca\/International\/covid19-426-millions-de-personnes-vaccinees\/"},"modified":"2021-03-20T13:17:13","modified_gmt":"2021-03-20T17:17:13","slug":"covid19-426-millions-de-personnes-vaccinees","status":"publish","type":"post","link":"https:\/\/linitiative.ca\/International\/covid19-426-millions-de-personnes-vaccinees\/","title":{"rendered":"Covid19: 4,26 millions de personnes vaccin\u00e9es"},"content":{"rendered":"<p>Le Maroc a enregistr\u00e9 <strong><span class=\"c4\">444\u00a0<\/span><\/strong>nouveaux cas de Covid19 durant les derni\u00e8res 24 heures, ce qui porte le total \u00e0\u00a0<span class=\"c4\">491 463\u00a0<\/span>cas confirm\u00e9s, d&rsquo;apr\u00e8s le nouveau bilan du minist\u00e8re de la Sant\u00e9 de ce samedi 20\u00a0mars 2021.<\/p>\n<p class=\"rtejustify\">Le nombre total de personnes vaccin\u00e9es se chiffre \u00e0\u00a0<span class=\"c4\">4 264 168<\/span>, indique le minist\u00e8re. <span class=\"c4\">2 423 380\u00a0<\/span>personnes ont pris leur 2e dose.<\/p>\n<p class=\"rtejustify\">Casablanca-Settat a enregistr\u00e9 <span class=\"c4\">313\u00a0<\/span>nouveaux cas, alors que la r\u00e9gion de <span class=\"c4\">Rabat &#8211; Sal\u00e9-Kenitra<\/span> en compte <span class=\"c4\">32<\/span>. Au total,<span class=\"c4\">11 678\u00a0<\/span>nouveaux tests ont \u00e9t\u00e9 r\u00e9alis\u00e9s.<\/p>\n<p class=\"rtejustify\">Quant au nombre de d\u00e9c\u00e8s, il s&rsquo;\u00e9tablit \u00e0 <span class=\"c4\">8 763<\/span>, soit 8\u00a0d\u00e9c\u00e8s de plus en 24 heures (taux de l\u00e9talit\u00e9 1,8%), alors que <span class=\"c4\">484\u00a0<\/span>nouvelles gu\u00e9risons ont \u00e9t\u00e9 recens\u00e9es, soit au total\u00a0<span class=\"c4\">478 870\u00a0<\/span>(taux de gu\u00e9rison 97,4%).<\/p>\n<p class=\"rtejustify\">Le nombre de cas encore actifs atteint <span class=\"c4\">3 830<\/span>, dont <span class=\"c4\">406\u00a0<\/span>s\u00e9v\u00e8res. Parmi ces derniers, <span class=\"c4\">25\u00a0<\/span>sont sous intubation, alors que <span class=\"c4\">239\u00a0<\/span>sont sous ventilation non invasive.<\/p>\n<p class=\"rtejustify\">Par ailleurs, le taux d&rsquo;occupation des lits d\u00e9di\u00e9s au Covid-19 atteint 12,8%.<\/p>\n<p>Auteur: mbasraoui<br \/>\n<a href=\"https:\/\/www.leconomiste.com\/flash-infos\/covid19-4-26-millions-de-personnes-vaccinees\">Cliquez ici pour lire l&rsquo;article depuis sa source.<\/a><\/p>\n","protected":false},"excerpt":{"rendered":"<p>Le Maroc a enregistr\u00e9 444\u00a0nouveaux cas de Covid19 durant les derni\u00e8res 24 heures, ce qui porte le total \u00e0\u00a0491 463\u00a0cas confirm\u00e9s, d&rsquo;apr\u00e8s le nouveau bilan du minist\u00e8re de la Sant\u00e9 de ce samedi 20\u00a0mars 2021. Le nombre total de personnes vaccin\u00e9es se chiffre \u00e0\u00a04 264 168, indique le minist\u00e8re. 2 423 380\u00a0personnes ont pris leur [&hellip;]<\/p>\n","protected":false},"author":1763,"featured_media":0,"comment_status":"closed","ping_status":"closed","sticky":false,"template":"","format":"standard","meta":{"fifu_image_url":"","fifu_image_alt":"","footnotes":""},"categories":[78,54],"tags":[],"class_list":["post-113412","post","type-post","status-publish","format-standard","hentry","category-economie","category-maroc"],"_links":{"self":[{"href":"https:\/\/linitiative.ca\/International\/wp-json\/wp\/v2\/posts\/113412","targetHints":{"allow":["GET"]}}],"collection":[{"href":"https:\/\/linitiative.ca\/International\/wp-json\/wp\/v2\/posts"}],"about":[{"href":"https:\/\/linitiative.ca\/International\/wp-json\/wp\/v2\/types\/post"}],"author":[{"embeddable":true,"href":"https:\/\/linitiative.ca\/International\/wp-json\/wp\/v2\/users\/1763"}],"replies":[{"embeddable":true,"href":"https:\/\/linitiative.ca\/International\/wp-json\/wp\/v2\/comments?post=113412"}],"version-history":[{"count":0,"href":"https:\/\/linitiative.ca\/International\/wp-json\/wp\/v2\/posts\/113412\/revisions"}],"wp:attachment":[{"href":"https:\/\/linitiative.ca\/International\/wp-json\/wp\/v2\/media?parent=113412"}],"wp:term":[{"taxonomy":"category","embeddable":true,"href":"https:\/\/linitiative.ca\/International\/wp-json\/wp\/v2\/categories?post=113412"},{"taxonomy":"post_tag","embeddable":true,"href":"https:\/\/linitiative.ca\/International\/wp-json\/wp\/v2\/tags?post=113412"}],"curies":[{"name":"wp","href":"https:\/\/api.w.org\/{rel}","templated":true}]}}