{"id":113413,"date":"2021-03-20T15:14:01","date_gmt":"2021-03-20T19:14:01","guid":{"rendered":"https:\/\/linitiative.ca\/International\/equipe-dalgerie-soudani-convoque-pour-les-deux-matchs-face-a-la-zambie-et-le-botswana\/"},"modified":"2021-03-20T15:14:01","modified_gmt":"2021-03-20T19:14:01","slug":"equipe-dalgerie-soudani-convoque-pour-les-deux-matchs-face-a-la-zambie-et-le-botswana","status":"publish","type":"post","link":"https:\/\/linitiative.ca\/International\/equipe-dalgerie-soudani-convoque-pour-les-deux-matchs-face-a-la-zambie-et-le-botswana\/","title":{"rendered":"Equipe d&rsquo;Alg\u00e9rie : Soudani convoqu\u00e9 pour les deux matchs face \u00e0 la Zambie et le Botswana"},"content":{"rendered":"<div readability=\"32\">\n<p>Auteur : <span>Riad O.<\/span> <span class=\"time\">samedi 20 mars 2021 15:59<\/span><\/p>\n<\/div>\n<div id=\"post_core\" readability=\"37\">\n<p>Le s\u00e9lectionneur national, Djamel Belmadi a convoqu\u00e9 l\u2019attaquant, Hilal Soudani pour les deux prochaines rencontres des Verts face \u00e0 la Zambie et le Botswana. Le joueur d\u2019Al Fateh SC va donc disputer les deux derni\u00e8res rencontres des Verts dans les \u00e9liminatoires de la Coupe d\u2019Afrique des nations (CAN 2021).<\/p>\n<p><span class=\"c2\"><strong>Riad O.<\/strong><\/span><\/p>\n<p><strong>Publi\u00e9 dans :<\/strong> <span>soudani<\/span><\/p>\n<\/div>\n<p>Auteur:<br \/>\n<a href=\"http:\/\/www.lebuteur.com\/article\/detail?titre=soudani-convoque-pour-les-deux-matchs-face-a-la-zambie-et-le-botswana&#038;id=99459&#038;utm_source=feedburner&#038;utm_medium=feed&#038;utm_campaign=Feed%3A+GalerieFArtciles+%28Les+derniers+articles++-+lebuteur.com%29\">Cliquez ici pour lire l&rsquo;article depuis sa source.<\/a><\/p>\n","protected":false},"excerpt":{"rendered":"<p>Auteur : Riad O. samedi 20 mars 2021 15:59 Le s\u00e9lectionneur national, Djamel Belmadi a convoqu\u00e9 l\u2019attaquant, Hilal Soudani pour les deux prochaines rencontres des Verts face \u00e0 la Zambie et le Botswana. Le joueur d\u2019Al Fateh SC va donc disputer les deux derni\u00e8res rencontres des Verts dans les \u00e9liminatoires de la Coupe d\u2019Afrique des [&hellip;]<\/p>\n","protected":false},"author":1738,"featured_media":0,"comment_status":"closed","ping_status":"closed","sticky":false,"template":"","format":"standard","meta":{"fifu_image_url":"\/\/cdn.lebuteur.com\/data\/images\/article\/thumbs\/large-soudani-convoque-pour-les-deux-matchs-face-a-la-zambie-et-le-botswana-dff6a.jpg","fifu_image_alt":"Equipe d'Alg\u00e9rie : Soudani convoqu\u00e9 pour les deux matchs face \u00e0 la Zambie et le Botswana","footnotes":""},"categories":[53,75],"tags":[],"class_list":["post-113413","post","type-post","status-publish","format-standard","hentry","category-algerie","category-sport"],"_links":{"self":[{"href":"https:\/\/linitiative.ca\/International\/wp-json\/wp\/v2\/posts\/113413","targetHints":{"allow":["GET"]}}],"collection":[{"href":"https:\/\/linitiative.ca\/International\/wp-json\/wp\/v2\/posts"}],"about":[{"href":"https:\/\/linitiative.ca\/International\/wp-json\/wp\/v2\/types\/post"}],"author":[{"embeddable":true,"href":"https:\/\/linitiative.ca\/International\/wp-json\/wp\/v2\/users\/1738"}],"replies":[{"embeddable":true,"href":"https:\/\/linitiative.ca\/International\/wp-json\/wp\/v2\/comments?post=113413"}],"version-history":[{"count":0,"href":"https:\/\/linitiative.ca\/International\/wp-json\/wp\/v2\/posts\/113413\/revisions"}],"wp:attachment":[{"href":"https:\/\/linitiative.ca\/International\/wp-json\/wp\/v2\/media?parent=113413"}],"wp:term":[{"taxonomy":"category","embeddable":true,"href":"https:\/\/linitiative.ca\/International\/wp-json\/wp\/v2\/categories?post=113413"},{"taxonomy":"post_tag","embeddable":true,"href":"https:\/\/linitiative.ca\/International\/wp-json\/wp\/v2\/tags?post=113413"}],"curies":[{"name":"wp","href":"https:\/\/api.w.org\/{rel}","templated":true}]}}