{"id":113414,"date":"2021-03-20T15:14:03","date_gmt":"2021-03-20T19:14:03","guid":{"rendered":"https:\/\/linitiative.ca\/International\/pros-crotone-la-duree-dindisponibilite-dounas-connue\/"},"modified":"2021-03-20T15:14:03","modified_gmt":"2021-03-20T19:14:03","slug":"pros-crotone-la-duree-dindisponibilite-dounas-connue","status":"publish","type":"post","link":"https:\/\/linitiative.ca\/International\/pros-crotone-la-duree-dindisponibilite-dounas-connue\/","title":{"rendered":"Pros : Crotone: La dur\u00e9e d\u2019indisponibilit\u00e9 d\u2019Ounas connue"},"content":{"rendered":"<div readability=\"32\">\n<p>Auteur : <span>Riad O.<\/span> <span class=\"time\">samedi 20 mars 2021 16:04<\/span><\/p>\n<\/div>\n<div id=\"post_core\" readability=\"39\">\n<p>Le club italien de Crotone a communiqu\u00e9 aujourd\u2019hui la dur\u00e9e d\u2019indisponibilit\u00e9 de son joueur Alg\u00e9rien, Adam Ounas. Ce dernier, victime d\u2019une blessure au niveau de la cuisse, sera absent des terrains pendant 20 jours. Ainsi donc, Ounas est d\u2019ores et d\u00e9j\u00e0 out pour les deux prochaines sorties des Verts face \u00e0 la Zambie et le Botswana.<\/p>\n<p><span class=\"c2\"><strong>Riad O.<\/strong><\/span><\/p>\n<p><strong>Publi\u00e9 dans :<\/strong> <span>Ounas<\/span><\/p>\n<\/div>\n<p>Auteur:<br \/>\n<a href=\"http:\/\/www.lebuteur.com\/article\/detail?titre=crotone-la-duree-dindisponibilite-dounas-connue&#038;id=99460&#038;utm_source=feedburner&#038;utm_medium=feed&#038;utm_campaign=Feed%3A+GalerieFArtciles+%28Les+derniers+articles++-+lebuteur.com%29\">Cliquez ici pour lire l&rsquo;article depuis sa source.<\/a><\/p>\n","protected":false},"excerpt":{"rendered":"<p>Auteur : Riad O. samedi 20 mars 2021 16:04 Le club italien de Crotone a communiqu\u00e9 aujourd\u2019hui la dur\u00e9e d\u2019indisponibilit\u00e9 de son joueur Alg\u00e9rien, Adam Ounas. Ce dernier, victime d\u2019une blessure au niveau de la cuisse, sera absent des terrains pendant 20 jours. Ainsi donc, Ounas est d\u2019ores et d\u00e9j\u00e0 out pour les deux prochaines [&hellip;]<\/p>\n","protected":false},"author":1738,"featured_media":0,"comment_status":"closed","ping_status":"closed","sticky":false,"template":"","format":"standard","meta":{"fifu_image_url":"\/\/cdn.lebuteur.com\/data\/images\/article\/thumbs\/large-cagliari-la-duree-dindisponibilite-dounas-connue-bdf63.jpg","fifu_image_alt":"Pros : Crotone: La dur\u00e9e d\u2019indisponibilit\u00e9 d\u2019Ounas connue","footnotes":""},"categories":[53,75],"tags":[],"class_list":["post-113414","post","type-post","status-publish","format-standard","hentry","category-algerie","category-sport"],"_links":{"self":[{"href":"https:\/\/linitiative.ca\/International\/wp-json\/wp\/v2\/posts\/113414","targetHints":{"allow":["GET"]}}],"collection":[{"href":"https:\/\/linitiative.ca\/International\/wp-json\/wp\/v2\/posts"}],"about":[{"href":"https:\/\/linitiative.ca\/International\/wp-json\/wp\/v2\/types\/post"}],"author":[{"embeddable":true,"href":"https:\/\/linitiative.ca\/International\/wp-json\/wp\/v2\/users\/1738"}],"replies":[{"embeddable":true,"href":"https:\/\/linitiative.ca\/International\/wp-json\/wp\/v2\/comments?post=113414"}],"version-history":[{"count":0,"href":"https:\/\/linitiative.ca\/International\/wp-json\/wp\/v2\/posts\/113414\/revisions"}],"wp:attachment":[{"href":"https:\/\/linitiative.ca\/International\/wp-json\/wp\/v2\/media?parent=113414"}],"wp:term":[{"taxonomy":"category","embeddable":true,"href":"https:\/\/linitiative.ca\/International\/wp-json\/wp\/v2\/categories?post=113414"},{"taxonomy":"post_tag","embeddable":true,"href":"https:\/\/linitiative.ca\/International\/wp-json\/wp\/v2\/tags?post=113414"}],"curies":[{"name":"wp","href":"https:\/\/api.w.org\/{rel}","templated":true}]}}