{"id":113416,"date":"2021-03-20T15:14:07","date_gmt":"2021-03-20T19:14:07","guid":{"rendered":"https:\/\/linitiative.ca\/International\/international-real-zidane-voir-karim-jouer-est-un-luxe-je-ne-comprends-pas-son-absence-en-equipe-de-france\/"},"modified":"2021-03-20T15:14:07","modified_gmt":"2021-03-20T19:14:07","slug":"international-real-zidane-voir-karim-jouer-est-un-luxe-je-ne-comprends-pas-son-absence-en-equipe-de-france","status":"publish","type":"post","link":"https:\/\/linitiative.ca\/International\/international-real-zidane-voir-karim-jouer-est-un-luxe-je-ne-comprends-pas-son-absence-en-equipe-de-france\/","title":{"rendered":"International : Real &#8211; Zidane : \u00ab\u00a0Voir Karim jouer est un luxe. Je ne comprends pas son absence en \u00e9quipe de France\u00a0\u00bb"},"content":{"rendered":"<div readability=\"32\">\n<p>Auteur : <span class=\"time\">samedi 20 mars 2021 19:22<\/span><\/p>\n<\/div>\n<div id=\"post_core\" readability=\"59\">\n<p>Le Real Madrid n&rsquo;a pas r\u00e9alis\u00e9 un match plein face au Celta Vigo, tremblant en seconde p\u00e9riode apr\u00e8s un premier acte ma\u00eetris\u00e9. Mais finalement les Madril\u00e8nes ont assur\u00e9 l&rsquo;essentiel avec un succ\u00e8s (3-1) d\u00fb pour beaucoup \u00e0 la grande premi\u00e8re p\u00e9riode de Karim Benzema, auteur d&rsquo;un doubl\u00e9 magnifique en premi\u00e8re p\u00e9riode.<\/p>\n<p>Apr\u00e8s la rencontre, dans des propos \u00e0 la presse relay\u00e9s par AS, Zin\u00e9dine Zidane ne pouvait que s&rsquo;extasier face \u00e0 la performance de son buteur. \u00ab\u00a0Tu fais bien de me poser des questions sur lui parce qu&rsquo;il est incroyable. Pour les gens qui aiment le football, voir Karim est un luxe parce que nous l&rsquo;appr\u00e9cions, lui et ses co\u00e9quipiers aussi. Il faut continuer car Karim fait la diff\u00e9rence et il sait que ses co\u00e9quipiers sont importants pour lui\u00a0\u00bb.<\/p>\n<p>Bien \u00e9videmment, l&rsquo;\u00e9ternel sujet de son absence en \u00e9quipe de France est ensuite revenu sur le tapis, et Zin\u00e9dine Zidane n&rsquo;a pas cach\u00e9 son incompr\u00e9hension&#8230; m\u00eame si cela fait ses affaires. \u00ab\u00a0Vous ne le comprenez pas, je ne le comprends pas\u2026 Pour moi, en tant qu&rsquo;entra\u00eeneur du Real Madrid, c&rsquo;est mieux pour nous.\u00a0Ce qu&rsquo;il a fait aujourd&rsquo;hui est spectaculaire.\u00a0Je suis content parce que c&rsquo;est un travailleur et qu&rsquo;il en veut toujours plus\u00a0\u00bb, a savour\u00e9 le coach madril\u00e8ne comme rapport\u00e9 par Onzemondial.<\/p>\n<p><strong>Publi\u00e9 dans :<\/strong> <span>real madrid<\/span><\/p>\n<\/div>\n<p>Auteur:<br \/>\n<a href=\"http:\/\/www.lebuteur.com\/article\/detail?titre=real-zidane-voir-karim-jouer-est-un-luxe-je-ne-comprends-pas-son-absence-en-equipe-de-france&#038;id=99463&#038;utm_source=feedburner&#038;utm_medium=feed&#038;utm_campaign=Feed%3A+GalerieFArtciles+%28Les+derniers+articles++-+lebuteur.com%29\">Cliquez ici pour lire l&rsquo;article depuis sa source.<\/a><\/p>\n","protected":false},"excerpt":{"rendered":"<p>Auteur : samedi 20 mars 2021 19:22 Le Real Madrid n&rsquo;a pas r\u00e9alis\u00e9 un match plein face au Celta Vigo, tremblant en seconde p\u00e9riode apr\u00e8s un premier acte ma\u00eetris\u00e9. Mais finalement les Madril\u00e8nes ont assur\u00e9 l&rsquo;essentiel avec un succ\u00e8s (3-1) d\u00fb pour beaucoup \u00e0 la grande premi\u00e8re p\u00e9riode de Karim Benzema, auteur d&rsquo;un doubl\u00e9 magnifique [&hellip;]<\/p>\n","protected":false},"author":1738,"featured_media":0,"comment_status":"closed","ping_status":"closed","sticky":false,"template":"","format":"standard","meta":{"fifu_image_url":"\/\/cdn.lebuteur.com\/data\/images\/article\/thumbs\/large-99463real-zidane-voir-karim-jouer-est-un-luxe-je-ne-comprends-pas-son-absence-en-equipe-de-france-c31c7.jpg","fifu_image_alt":"International : Real - Zidane : \"Voir Karim jouer est un luxe. Je ne comprends pas son absence en \u00e9quipe de France\"","footnotes":""},"categories":[53,75],"tags":[],"class_list":["post-113416","post","type-post","status-publish","format-standard","hentry","category-algerie","category-sport"],"_links":{"self":[{"href":"https:\/\/linitiative.ca\/International\/wp-json\/wp\/v2\/posts\/113416","targetHints":{"allow":["GET"]}}],"collection":[{"href":"https:\/\/linitiative.ca\/International\/wp-json\/wp\/v2\/posts"}],"about":[{"href":"https:\/\/linitiative.ca\/International\/wp-json\/wp\/v2\/types\/post"}],"author":[{"embeddable":true,"href":"https:\/\/linitiative.ca\/International\/wp-json\/wp\/v2\/users\/1738"}],"replies":[{"embeddable":true,"href":"https:\/\/linitiative.ca\/International\/wp-json\/wp\/v2\/comments?post=113416"}],"version-history":[{"count":0,"href":"https:\/\/linitiative.ca\/International\/wp-json\/wp\/v2\/posts\/113416\/revisions"}],"wp:attachment":[{"href":"https:\/\/linitiative.ca\/International\/wp-json\/wp\/v2\/media?parent=113416"}],"wp:term":[{"taxonomy":"category","embeddable":true,"href":"https:\/\/linitiative.ca\/International\/wp-json\/wp\/v2\/categories?post=113416"},{"taxonomy":"post_tag","embeddable":true,"href":"https:\/\/linitiative.ca\/International\/wp-json\/wp\/v2\/tags?post=113416"}],"curies":[{"name":"wp","href":"https:\/\/api.w.org\/{rel}","templated":true}]}}