{"id":113417,"date":"2021-03-20T15:14:09","date_gmt":"2021-03-20T19:14:09","guid":{"rendered":"https:\/\/linitiative.ca\/International\/equipe-dalgerie-en-la-conference-de-presse-de-belmadi-annulee\/"},"modified":"2021-03-20T15:14:09","modified_gmt":"2021-03-20T19:14:09","slug":"equipe-dalgerie-en-la-conference-de-presse-de-belmadi-annulee","status":"publish","type":"post","link":"https:\/\/linitiative.ca\/International\/equipe-dalgerie-en-la-conference-de-presse-de-belmadi-annulee\/","title":{"rendered":"Equipe d&rsquo;Alg\u00e9rie : EN: La conf\u00e9rence de presse de Belmadi annul\u00e9e"},"content":{"rendered":"<div readability=\"32\">\n<p>Auteur : <span>Riad O.<\/span> <span class=\"time\">samedi 20 mars 2021 19:22<\/span><\/p>\n<\/div>\n<div id=\"post_core\" readability=\"42\">\n<p>contre toute attente, la FAF a annonc\u00e9 aujourd\u2019hui l\u2019annulation de la conf\u00e9rence de presse du s\u00e9lectionneur national, Djamel Belmadi, qui \u00e9tait pr\u00e9vue demain dimanche\u00a0:\u00a0\u00abLe s\u00e9lectionneur national, M. Djamel Belmadi a d\u00e9cid\u00e9 d\u2019annuler la conf\u00e9rence de presse qu\u2019il devait animer demain dimanche (11h00) au Centre technique national (CTN) de Sidi Moussa.\u00bb a indiqu\u00e9 la FAF sur son site internet, mais sans pour autant d\u00e9voiler les raisons de cette d\u00e9cision. La f\u00e9d\u00e9 a ajout\u00e9 que\u00a0\u00abM. Djamel Belmadi s\u2019excuse aupr\u00e8s de la presse nationale pour ce changement.\u00bb<\/p>\n<p><span class=\"c2\"><strong>Riad O.<\/strong><\/span><\/p>\n<p><strong>Publi\u00e9 dans :<\/strong> <span>en<\/span> <span>Belmadi<\/span><\/p>\n<\/div>\n<p>Auteur:<br \/>\n<a href=\"http:\/\/www.lebuteur.com\/article\/detail?titre=en-la-conference-de-presse-de-belmadi-annulee&#038;id=99462&#038;utm_source=feedburner&#038;utm_medium=feed&#038;utm_campaign=Feed%3A+GalerieFArtciles+%28Les+derniers+articles++-+lebuteur.com%29\">Cliquez ici pour lire l&rsquo;article depuis sa source.<\/a><\/p>\n","protected":false},"excerpt":{"rendered":"<p>Auteur : Riad O. samedi 20 mars 2021 19:22 contre toute attente, la FAF a annonc\u00e9 aujourd\u2019hui l\u2019annulation de la conf\u00e9rence de presse du s\u00e9lectionneur national, Djamel Belmadi, qui \u00e9tait pr\u00e9vue demain dimanche\u00a0:\u00a0\u00abLe s\u00e9lectionneur national, M. Djamel Belmadi a d\u00e9cid\u00e9 d\u2019annuler la conf\u00e9rence de presse qu\u2019il devait animer demain dimanche (11h00) au Centre technique national [&hellip;]<\/p>\n","protected":false},"author":1738,"featured_media":0,"comment_status":"closed","ping_status":"closed","sticky":false,"template":"","format":"standard","meta":{"fifu_image_url":"\/\/cdn.lebuteur.com\/data\/images\/article\/thumbs\/large-en-la-conference-de-belmadi-annulee-1d20b.jpg","fifu_image_alt":"Equipe d'Alg\u00e9rie : EN: La conf\u00e9rence de presse de Belmadi annul\u00e9e","footnotes":""},"categories":[53,75],"tags":[],"class_list":["post-113417","post","type-post","status-publish","format-standard","hentry","category-algerie","category-sport"],"_links":{"self":[{"href":"https:\/\/linitiative.ca\/International\/wp-json\/wp\/v2\/posts\/113417","targetHints":{"allow":["GET"]}}],"collection":[{"href":"https:\/\/linitiative.ca\/International\/wp-json\/wp\/v2\/posts"}],"about":[{"href":"https:\/\/linitiative.ca\/International\/wp-json\/wp\/v2\/types\/post"}],"author":[{"embeddable":true,"href":"https:\/\/linitiative.ca\/International\/wp-json\/wp\/v2\/users\/1738"}],"replies":[{"embeddable":true,"href":"https:\/\/linitiative.ca\/International\/wp-json\/wp\/v2\/comments?post=113417"}],"version-history":[{"count":0,"href":"https:\/\/linitiative.ca\/International\/wp-json\/wp\/v2\/posts\/113417\/revisions"}],"wp:attachment":[{"href":"https:\/\/linitiative.ca\/International\/wp-json\/wp\/v2\/media?parent=113417"}],"wp:term":[{"taxonomy":"category","embeddable":true,"href":"https:\/\/linitiative.ca\/International\/wp-json\/wp\/v2\/categories?post=113417"},{"taxonomy":"post_tag","embeddable":true,"href":"https:\/\/linitiative.ca\/International\/wp-json\/wp\/v2\/tags?post=113417"}],"curies":[{"name":"wp","href":"https:\/\/api.w.org\/{rel}","templated":true}]}}