{"id":113420,"date":"2021-03-20T06:00:00","date_gmt":"2021-03-20T10:00:00","guid":{"rendered":"https:\/\/linitiative.ca\/International\/19-mars-les-accords-devian-accoucheront-ils-dun-pacte-damitie\/"},"modified":"2021-03-20T06:00:00","modified_gmt":"2021-03-20T10:00:00","slug":"19-mars-les-accords-devian-accoucheront-ils-dun-pacte-damitie","status":"publish","type":"post","link":"https:\/\/linitiative.ca\/International\/19-mars-les-accords-devian-accoucheront-ils-dun-pacte-damitie\/","title":{"rendered":"19 Mars Les accords d\u2019\u00c9vian accoucheront-ils d\u2019un pacte d\u2019amiti\u00e9 ?"},"content":{"rendered":"<p class=\"c3\">Au moment o\u00f9 les possibilit\u00e9s d\u2019un pacte d\u2019amiti\u00e9 connaissent une relative s\u00e9r\u00e9nit\u00e9 de part et d\u2019autre des rives de la M\u00e9diterran\u00e9e, la France officielle appara\u00eet, cependant, bien plus entreprenante que ne l\u2019est notre gouvernement. Certes, le pr\u00e9sident de la R\u00e9publique n\u2019avait pas manqu\u00e9 de saluer la \u00absinc\u00e9rit\u00e9\u00bb de son vis-\u00e0-vis de l\u2019\u00c9lys\u00e9e sauf qu\u2019il lui manquait l\u2019\u00e9change r\u00e9ciproque d\u2019une th\u00e8se politico-historique avec laquelle il avait la latitude d\u2019insister sur certaines dol\u00e9ances omises sciemment parmi les propositions et que l\u2019historien Benjamin Stora consid\u00e9ra comme secondaires.<br \/>Alors qu\u2019on s\u2019achemine vers le 60e anniversaire des accords d\u2019\u00c9vian de 1962 \u00e0 partir desquels l\u2019histoire commune a des chances de changer du tout au tout, il y a s\u00fbrement mati\u00e8re \u00e0 agir au pas de charge pour solder les mauvais comptes de plus d\u2019un demi-si\u00e8cle de suspicion et parvenir en sorte \u00e0 ce que le devenir d\u2019un partenariat ob\u00e9isse \u00e0 une v\u00e9ritable \u00e9thique des nations.<br \/>Certes, la plupart des pages de l\u2019histoire des peuples ont \u00e9t\u00e9 \u00e9videmment marqu\u00e9es par des guerres d\u2019o\u00f9 il ressort \u00e9videmment quelques ressentiments chez une France trop attach\u00e9e \u00e0 l\u2019esprit de l\u2019empire. Comme quoi l\u2019on savait toujours pourquoi et comment le casus belli allait ouvrir les voies aux pires conflits sans qu\u2019il f\u00fbt possible que l\u2019on sache pour autant de quelle mani\u00e8re il fallait y mettre fin, voire quels seraient les dividendes et les passifs que les uns et les autres r\u00e9colteraient. Tous ces aspects-l\u00e0 ne m\u00e9ritent-ils pas justement une certaine mesure avant la moindre d\u00e9marche ? Probablement que oui, d\u00e8s l\u2019instant o\u00f9 le chef de l\u2019\u00c9tat fran\u00e7ais est parvenu \u00e0 faire changer de lunettes \u00e0 son pays pour ensuite aborder avec la clairvoyance n\u00e9cessaire le pass\u00e9 que l\u2019Alg\u00e9rie et la France ont h\u00e9rit\u00e9 en partage.\u00a0<br \/>A priori l\u2019Alg\u00e9rie officielle se satisfait du subtil exercice s\u00e9mantique que le locataire de l\u2019\u00c9lys\u00e9e est en train de d\u00e9ployer autour de la fameuse \u00abquestion\u00bb. Ayant, semble-t-il, trouv\u00e9 des vocables rassurants afin de mieux biaiser face aux orni\u00e8res discursives h\u00e9rit\u00e9es de ses pr\u00e9d\u00e9cesseurs, ce dernier serait d\u00e9j\u00e0 parvenu \u00e0 conqu\u00e9rir une certaine sympathie des Alg\u00e9riens tout en se prot\u00e9geant des boulets de la critique dont les lobbies actifs menacent dans la perspective de sa pr\u00e9sidentielle en 2022 ! En clair, ce n\u2019est pas tout \u00e0 fait une page noire dans les relations franco-alg\u00e9riennes que l\u2019on gomme mais prosa\u00efquement une nouvelle partition du bin\u00f4me alg\u00e9ro-fran\u00e7ais qui s\u2019\u00e9crira, nous dit-on, bient\u00f4t. D\u00e9j\u00e0, parle-t-on dans les sph\u00e8res officielles de \u00abnouvel \u00e2ge\u00bb ! Un empressement que ne semble pas partager la majorit\u00e9 de l\u2019opinion nationale. En effet, vue \u00abd\u2019en bas\u00bb, c\u2019est-\u00e0-dire au ras des populations, la perception est moins r\u00e9jouissante. Car, une fois encore, ceux qui se plurent \u00e0 interpr\u00e9ter la d\u00e9bauche festive autour du voyage du candidat Macron (f\u00e9vrier 2017) comme le signe d\u2019une maturit\u00e9 de la conscience alg\u00e9rienne apte \u00e0 transcender les chicaneries m\u00e9morielles et, pourquoi pas, \u00e0 solder l\u2019histoire locale pour d\u2019autres horizons, se devaient d\u2019\u00eatre prudents dans leurs enthousiasmes.\u00a0<br \/>Or, rien ne garantissait jusque-l\u00e0 les engagements verbaux d\u2019un simple candidat. Depuis, il est vrai, il s\u2019agit de certaines certitudes d\u2019un Pr\u00e9sident n\u2019h\u00e9sitant plus \u00e0 qualifier de \u00abcrime contre l\u2019humanit\u00e9\u00bb les fameux d\u00e9lits de la France coloniale. Alors que les histoires se sont laborieusement \u00e9crites \u00e0 deux et que les conflits se sont d\u00e9nou\u00e9s d\u2019un commun accord, pour quelles raisons il n\u2019en avait pas \u00e9t\u00e9 de m\u00eame pour la d\u00e9colonisation de l\u2019Alg\u00e9rie ? En fait, l\u2019on peut imputer ce malentendu \u00e0 un r\u00e9el d\u00e9ni psychologique, entretenu de part et d\u2019autre des rives de la M\u00e9diterran\u00e9e quand Paris et Alger privil\u00e9giaient chacune la d\u00e9marche de r\u00e9quisitoires historiques \u00e9crits avec des encres diff\u00e9rentes. C\u2019est s\u00fbrement \u00e0 cela que l\u2019on devra se r\u00e9f\u00e9rer afin de ne plus priver cette terrible histoire d\u2019un solde de tout compte susceptible d\u2019installer deux peuples enfin capables de se \u00abregarder dans le fameux blanc des yeux\u00bb.<br \/>Et si, 59 ans plus tard, Paris et Alger \u00e9taient condamn\u00e9s toujours \u00e0 marcher sur les \u0153ufs tous les deux c\u2019est qu\u2019ils en sont encore l\u00e0 \u00e0 ratiociner sur toutes les pages noires du grand malheur de la condition de colonis\u00e9 alors qu\u2019il est, effectivement, venu le temps de rendre publiques toutes les culpabilit\u00e9s criminelles sans pour autant que l\u2019on recoure \u00e0 l\u2019hypocrisie des repentances se suffisant des postures de ceux qui \u00abbattent leur coulpe\u00bb. En effet, doit-on instrumenter le malheur \u00e0 la moindre remise en cause alors que celui-ci rel\u00e8ve plus de la man\u0153uvre que de la sinc\u00e9rit\u00e9 ? \u00c0 ce propos, l\u2019on doit convoquer la plume d\u2019un \u00e9crivain au-dessus de tout soup\u00e7on lequel sut aborder cet \u00e9ternel malentendu que tra\u00eenent les guerres comme un passif moral.<br \/>En effet, Kateb Yacine anticipait d\u00e9j\u00e0, en 1960, sur la future d\u00e9sillusion qui allait affecter durablement les deux pays. \u00ab(\u2026) Toute guerre \u00e9tant fratricide, \u00e9crivait-il, celle de l\u2019Alg\u00e9rie l\u2019est encore plus si l\u2019on consid\u00e8re les liens qui nous unissent depuis si longtemps. Or, nous n\u2019en voulons nullement au peuple fran\u00e7ais. Lorsqu\u2019il aura enfin rompu avec ceux qui le trompent et vivent de son sang, il retrouvera, en nous, de vrais amis apr\u00e8s ce long conflit o\u00f9 nous prenons conscience les uns et les autres, de ce qui nous attend, si nous tardons \u00e0 nous comprendre (\u2026) Le plus stupide serait de sacrifier notre avenir \u00e0 ce pass\u00e9. Pour effacer jusqu\u2019au souvenir de ces massacres, il nous faudra beaucoup de temps (\u2026) Nous avons tous grandi sur une poudri\u00e8re. Et si nous sommes si maladroits \u00e0 faire la paix, c\u2019est que nous ne l\u2019avons jamais connue. Tous les hommes en sont l\u00e0.\u00bb<br \/>Telle est la magistrale recommandation d\u2019un po\u00e8te monumental, mais tomb\u00e9e, h\u00e9las dans des oublis coupables.<br \/><em><strong>B. H.<\/strong><\/em><\/p>\n<p class=\"c3\">\u00a0<\/p>\n<p>Auteur:<br \/>\n<a href=\"https:\/\/www.lesoirdalgerie.com\/lettre-de-province\/19-mars-les-accords-devian-accoucheront-ils-dun-pacte-damitie-58145\">Cliquez ici pour lire l&rsquo;article depuis sa source.<\/a><\/p>\n","protected":false},"excerpt":{"rendered":"<p>Au moment o\u00f9 les possibilit\u00e9s d\u2019un pacte d\u2019amiti\u00e9 connaissent une relative s\u00e9r\u00e9nit\u00e9 de part et d\u2019autre des rives de la M\u00e9diterran\u00e9e, la France officielle appara\u00eet, cependant, bien plus entreprenante que ne l\u2019est notre gouvernement. Certes, le pr\u00e9sident de la R\u00e9publique n\u2019avait pas manqu\u00e9 de saluer la \u00absinc\u00e9rit\u00e9\u00bb de son vis-\u00e0-vis de l\u2019\u00c9lys\u00e9e sauf qu\u2019il lui [&hellip;]<\/p>\n","protected":false},"author":1741,"featured_media":0,"comment_status":"closed","ping_status":"closed","sticky":false,"template":"","format":"standard","meta":{"fifu_image_url":"","fifu_image_alt":"","footnotes":""},"categories":[73,53],"tags":[],"class_list":["post-113420","post","type-post","status-publish","format-standard","hentry","category-actualite","category-algerie"],"_links":{"self":[{"href":"https:\/\/linitiative.ca\/International\/wp-json\/wp\/v2\/posts\/113420","targetHints":{"allow":["GET"]}}],"collection":[{"href":"https:\/\/linitiative.ca\/International\/wp-json\/wp\/v2\/posts"}],"about":[{"href":"https:\/\/linitiative.ca\/International\/wp-json\/wp\/v2\/types\/post"}],"author":[{"embeddable":true,"href":"https:\/\/linitiative.ca\/International\/wp-json\/wp\/v2\/users\/1741"}],"replies":[{"embeddable":true,"href":"https:\/\/linitiative.ca\/International\/wp-json\/wp\/v2\/comments?post=113420"}],"version-history":[{"count":0,"href":"https:\/\/linitiative.ca\/International\/wp-json\/wp\/v2\/posts\/113420\/revisions"}],"wp:attachment":[{"href":"https:\/\/linitiative.ca\/International\/wp-json\/wp\/v2\/media?parent=113420"}],"wp:term":[{"taxonomy":"category","embeddable":true,"href":"https:\/\/linitiative.ca\/International\/wp-json\/wp\/v2\/categories?post=113420"},{"taxonomy":"post_tag","embeddable":true,"href":"https:\/\/linitiative.ca\/International\/wp-json\/wp\/v2\/tags?post=113420"}],"curies":[{"name":"wp","href":"https:\/\/api.w.org\/{rel}","templated":true}]}}