{"id":113428,"date":"2021-03-20T18:04:09","date_gmt":"2021-03-20T22:04:09","guid":{"rendered":"https:\/\/linitiative.ca\/International\/cameroun-deces-de-felix-etoundi-dg-de-finex-voyages\/"},"modified":"2021-03-20T18:04:09","modified_gmt":"2021-03-20T22:04:09","slug":"cameroun-deces-de-felix-etoundi-dg-de-finex-voyages","status":"publish","type":"post","link":"https:\/\/linitiative.ca\/International\/cameroun-deces-de-felix-etoundi-dg-de-finex-voyages\/","title":{"rendered":"Cameroun : d\u00e9c\u00e8s de Felix Etoundi, Dg de Finex Voyages"},"content":{"rendered":"<div readability=\"32\">\n<p>Publi\u00e9 le 19.03.2021 \u00e0 02h40 par JournalduCameroun.com<\/p>\n<\/div>\n<div readability=\"55\">\n<h2 class=\"c8\">Le promoteur de cette compagnie de transport interurbain de personnes s\u2019est \u00e9teint cette nuit \u00a0\u00e0 Douala.<\/h2>\n<p class=\"c9\">Finex Voyages vient de perdre son Directeur g\u00e9n\u00e9ral. Felix Etoundi, l\u2019homme qui dirigeait l\u2019une des plus importantes compagnies de transport interurbain de personnes entre Douala et Yaound\u00e9 est d\u00e9c\u00e9d\u00e9 dans la nuit du 18 au 19 mars 2021. D\u2019apr\u00e8s des informations recueillies aupr\u00e8s de proches du d\u00e9funt, le Dg de <strong>Finex Voyages<\/strong> est mort \u00e0 l\u2019h\u00f4pital gyn\u00e9co obst\u00e9trique de Douala o\u00f9 il \u00e9tait intern\u00e9 depuis quelques jours. D\u2019autres sources, non confirm\u00e9es encore, font \u00e9tat de ce que l\u2019homme \u00e9tait atteint de coronavirus et \u00e9tait sous assistance respiratoire dans cette formation hospitali\u00e8re.<\/p>\n<p class=\"c9\"><strong>Edmond Felix Etoundi<\/strong> \u00e9tait un entrepreneur prosp\u00e8re dans le domaine du transport interurbain. Apr\u00e8s des \u00e9tudes \u00e0 Douala, c\u2019est chez le marqueteur Mobil qu\u2019il commence une carri\u00e8re professionnelle en 1996, jusqu\u2019en 2006. Apr\u00e8s quoi, il se lance d\u00e9finitivement dans le transport de passagers entre Douala et Yaound\u00e9 o\u00f9 il avait d\u00e9j\u00e0 engag\u00e9 un mini-bus. En 2017, le chiffre d\u2019affaires de Finex est \u00e9valu\u00e9 \u00e0 plus de 3 milliards FCFA et l\u2019entreprise est d\u00e9j\u00e0 une r\u00e9f\u00e9rence dans le secteur des transports.<\/p>\n<p class=\"c9\">En aout 2020, Finex est au c\u0153ur de la tourmente apr\u00e8s qu\u2019un gendarme a \u00e9t\u00e9 tu\u00e9 par des chargeurs au cours d\u2019une rixe dans l\u2019agence de Douala. Felix Etoundi est sous les feux des projecteurs et tient une conf\u00e9rence de presse o\u00f9 il demande pardon \u00e0 la famille de la victime et aux usagers. En d\u00e9cembre, il est \u00e9lu Conseiller r\u00e9gional\u00a0 pour le Sud.<\/p>\n<\/div>\n<p>Auteur: journalducameroun<br \/>\n<a href=\"https:\/\/www.journalducameroun.com\/cameroun-deces-de-felix-etoundi-dg-de-finex-voyages-cameroun\/\">Cliquez ici pour lire l&rsquo;article depuis sa source.<\/a><\/p>\n","protected":false},"excerpt":{"rendered":"<p>Publi\u00e9 le 19.03.2021 \u00e0 02h40 par JournalduCameroun.com Le promoteur de cette compagnie de transport interurbain de personnes s\u2019est \u00e9teint cette nuit \u00a0\u00e0 Douala. Finex Voyages vient de perdre son Directeur g\u00e9n\u00e9ral. Felix Etoundi, l\u2019homme qui dirigeait l\u2019une des plus importantes compagnies de transport interurbain de personnes entre Douala et Yaound\u00e9 est d\u00e9c\u00e9d\u00e9 dans la nuit [&hellip;]<\/p>\n","protected":false},"author":1965,"featured_media":0,"comment_status":"closed","ping_status":"closed","sticky":false,"template":"","format":"standard","meta":{"fifu_image_url":"","fifu_image_alt":"","footnotes":""},"categories":[73,82],"tags":[],"class_list":["post-113428","post","type-post","status-publish","format-standard","hentry","category-actualite","category-cameroun"],"_links":{"self":[{"href":"https:\/\/linitiative.ca\/International\/wp-json\/wp\/v2\/posts\/113428","targetHints":{"allow":["GET"]}}],"collection":[{"href":"https:\/\/linitiative.ca\/International\/wp-json\/wp\/v2\/posts"}],"about":[{"href":"https:\/\/linitiative.ca\/International\/wp-json\/wp\/v2\/types\/post"}],"author":[{"embeddable":true,"href":"https:\/\/linitiative.ca\/International\/wp-json\/wp\/v2\/users\/1965"}],"replies":[{"embeddable":true,"href":"https:\/\/linitiative.ca\/International\/wp-json\/wp\/v2\/comments?post=113428"}],"version-history":[{"count":0,"href":"https:\/\/linitiative.ca\/International\/wp-json\/wp\/v2\/posts\/113428\/revisions"}],"wp:attachment":[{"href":"https:\/\/linitiative.ca\/International\/wp-json\/wp\/v2\/media?parent=113428"}],"wp:term":[{"taxonomy":"category","embeddable":true,"href":"https:\/\/linitiative.ca\/International\/wp-json\/wp\/v2\/categories?post=113428"},{"taxonomy":"post_tag","embeddable":true,"href":"https:\/\/linitiative.ca\/International\/wp-json\/wp\/v2\/tags?post=113428"}],"curies":[{"name":"wp","href":"https:\/\/api.w.org\/{rel}","templated":true}]}}