{"id":113430,"date":"2021-03-20T12:33:38","date_gmt":"2021-03-20T16:33:38","guid":{"rendered":"https:\/\/linitiative.ca\/International\/preparatifs-de-la-can-2022-inquietudes-autour-des-infrastructures-hospitalieres-a-bafoussam\/"},"modified":"2021-03-20T12:33:38","modified_gmt":"2021-03-20T16:33:38","slug":"preparatifs-de-la-can-2022-inquietudes-autour-des-infrastructures-hospitalieres-a-bafoussam","status":"publish","type":"post","link":"https:\/\/linitiative.ca\/International\/preparatifs-de-la-can-2022-inquietudes-autour-des-infrastructures-hospitalieres-a-bafoussam\/","title":{"rendered":"Pr\u00e9paratifs de la CAN 2022 : inqui\u00e9tudes autour des infrastructures hospitali\u00e8res \u00e0 Bafoussam"},"content":{"rendered":"<p>A huit mois du d\u00e9but de la Coupe d\u2019Afrique des nations de football 2022, le site de Bafoussam rassure sur de nombreux aspects. De la r\u00e9union d\u2019\u00e9valuation des pr\u00e9paratifs de cette comp\u00e9tition tenue le jeudi 11 mars 2021 et pr\u00e9sid\u00e9e par le gouverneur Augustine Awa Fonka, par ailleurs pr\u00e9sident du comit\u00e9 du site de Bafoussam, les diff\u00e9rents sectoriels impliqu\u00e9s au niveau local, ont fait le point chacun dans son domaine. L\u2019on apprendra du rapport du CMEC, entreprise adjudicataire, que les stades d\u2019entrainements de Bandjoun, de Bamendzi, et du stade annexe de Kou\u00e9kong, seront r\u00e9ceptionn\u00e9s \u00e0 la fin du mois de mars en cours. Seul le stade de Mbouda pr\u00e9sente des fissures au sol au niveau des parkings. L\u2019aire de jeu a d\u00e9j\u00e0 perdu sa verdure. L\u2019entreprise est pass\u00e9e de l\u2019arrosage automatique quotidien du gazon \u00e0 celui manuel du fait de nombreuses coupures d\u2019eau dans la ville. Le stade municipal de Bafang dont les travaux sont financ\u00e9s par le Feicom \u00e0 pr\u00e8s de quatre milliards, est \u00e0 l\u2019arr\u00eat. L\u2019entreprise dit \u00eatre bloqu\u00e9e par le non-paiement de deux d\u00e9comptes \u00e9valu\u00e9s \u00e0 plus de six millions.<\/p>\n<p><strong>Lire aussi<\/strong> : <strong><a href=\"https:\/\/ecomatin.net\/coronavirus-douala-et-bafoussam-dotees-dhopitaux-pour-accueillir-les-personnels-medicaux-infectes\/\">Coronavirus : Douala et Bafoussam dot\u00e9es d\u2019h\u00f4pitaux pour accueillir les personnels m\u00e9dicaux infect\u00e9s<\/a><\/strong><\/p>\n<p>La Vall\u00e9e de Bana se trouve \u00eatre en incapacit\u00e9 d\u2019accueillir une seule \u00e9quipe au regard des nouvelles r\u00e8gles impos\u00e9es par la pand\u00e9mie du Covid-19. Avec le nouveau format de la Conf\u00e9d\u00e9ration africaine de football (CAF), les h\u00f4tels retenus doivent avoir une capacit\u00e9 de 57 chambres individuelles pour une seule \u00e9quipe. De tous les \u00e9tablissements h\u00f4teliers dans le plan du comit\u00e9 du site de Bafoussam, seul l\u2019h\u00f4tel Bantou reste encore non fonctionnel. Avec une capacit\u00e9 de 55 chambres, les travaux de peinture sont en cours. A l\u2019h\u00f4pital r\u00e9gional de Bafoussam (HRB), le plateau technique est moins rassurant. L\u2019espoir du comit\u00e9 du site de Bafoussam est d\u00e9sormais fond\u00e9 sur le Centre hospitalier de r\u00e9f\u00e9rence de Bafoussam-Kou\u00e9kong (CHR). Au d\u00e9part, ce centre \u00e9tait per\u00e7u comme une alternative. Apr\u00e8s l\u2019acc\u00e9l\u00e9ration des travaux suite au retard accumul\u00e9 dans son ex\u00e9cution, les r\u00f4les sont d\u00e9sormais renvers\u00e9s. Rendu au mois de mars 2021, aucun plateau technique ne rassure. A l\u2019HRB, le scanner reconnu \u00eatre primordial pour de tels rendez-vous en panne depuis des mois, vient d\u2019\u00eatre remis en \u00e9tat m\u00eame si sa performance reste en de\u00e7\u00e0 des attentes.\u00a0<\/p>\n<p><strong>Lire aussi<\/strong> : <strong><a href=\"https:\/\/ecomatin.net\/communaute-urbaine-de-bafoussam-17-millions-de-f-dexcedent-de-recettes-en-un-an\/\">Communaut\u00e9 urbaine de Bafoussam : 17 millions de F d\u2019exc\u00e9dent de recettes en un an<\/a><\/strong><\/p>\n<p>Le Centre hospitalier de r\u00e9f\u00e9rence de Bafoussam-Kou\u00e9kong r\u00e9alis\u00e9 \u00e0 98% attend d\u00e9sormais d\u2019\u00eatre \u00e9quip\u00e9. Situ\u00e9 \u00e0 un jet de pierres du stade omnisport de Kou\u00e9kong, il a \u00e9t\u00e9 pens\u00e9 pour g\u00e9rer les cas les plus urgents. Certains \u00e9quipements dont le scanner et l\u2019imagerie se trouveraient encore au port de Douala. Pourtant, selon Augustine Awa Fonka, pr\u00e9sident du comit\u00e9 de site de Bafoussam, ces derniers appareils auraient d\u00fb \u00eatre install\u00e9s un peu plus t\u00f4t, le temps pour son param\u00e9trage, son test de fonctionnement et surtout d\u2019\u00e9valuer sa performance. Aux responsables des deux structures sanitaires vis\u00e9s par l\u2019organisation locale, le pr\u00e9sident du comit\u00e9 local du site de Bafoussam a prescrit l\u2019acc\u00e9l\u00e9ration de l\u2019\u00e9quipement tout en les invitant \u00e0 mettre en place le personnel sp\u00e9cialis\u00e9 pour une bonne prise en charge des cas de sant\u00e9 lors de la CAN en janvier 2022 sur le site de Bafoussam.<\/p>\n<p><strong>Lire aussi<\/strong> : <strong><a href=\"https:\/\/ecomatin.net\/2-milliards-pour-rehabiliter-le-marche-central-de-bafoussam\/\">2 milliards pour r\u00e9habiliter le march\u00e9 central de Bafoussam<\/a><\/strong><\/p>\n<p><strong>Armel Djiogue<\/strong><\/p>\n<p>Auteur: EcoMatin<br \/>\n<a href=\"https:\/\/ecomatin.net\/preparatifs-de-la-can-2022-inquietudes-autour-des-infrastructures-hospitalieres-a-bafoussam\/\">Cliquez ici pour lire l&rsquo;article depuis sa source.<\/a><\/p>\n","protected":false},"excerpt":{"rendered":"<p>A huit mois du d\u00e9but de la Coupe d\u2019Afrique des nations de football 2022, le site de Bafoussam rassure sur de nombreux aspects. De la r\u00e9union d\u2019\u00e9valuation des pr\u00e9paratifs de cette comp\u00e9tition tenue le jeudi 11 mars 2021 et pr\u00e9sid\u00e9e par le gouverneur Augustine Awa Fonka, par ailleurs pr\u00e9sident du comit\u00e9 du site de Bafoussam, [&hellip;]<\/p>\n","protected":false},"author":1969,"featured_media":0,"comment_status":"closed","ping_status":"closed","sticky":false,"template":"","format":"standard","meta":{"fifu_image_url":"","fifu_image_alt":"","footnotes":""},"categories":[82,78],"tags":[],"class_list":["post-113430","post","type-post","status-publish","format-standard","hentry","category-cameroun","category-economie"],"_links":{"self":[{"href":"https:\/\/linitiative.ca\/International\/wp-json\/wp\/v2\/posts\/113430","targetHints":{"allow":["GET"]}}],"collection":[{"href":"https:\/\/linitiative.ca\/International\/wp-json\/wp\/v2\/posts"}],"about":[{"href":"https:\/\/linitiative.ca\/International\/wp-json\/wp\/v2\/types\/post"}],"author":[{"embeddable":true,"href":"https:\/\/linitiative.ca\/International\/wp-json\/wp\/v2\/users\/1969"}],"replies":[{"embeddable":true,"href":"https:\/\/linitiative.ca\/International\/wp-json\/wp\/v2\/comments?post=113430"}],"version-history":[{"count":0,"href":"https:\/\/linitiative.ca\/International\/wp-json\/wp\/v2\/posts\/113430\/revisions"}],"wp:attachment":[{"href":"https:\/\/linitiative.ca\/International\/wp-json\/wp\/v2\/media?parent=113430"}],"wp:term":[{"taxonomy":"category","embeddable":true,"href":"https:\/\/linitiative.ca\/International\/wp-json\/wp\/v2\/categories?post=113430"},{"taxonomy":"post_tag","embeddable":true,"href":"https:\/\/linitiative.ca\/International\/wp-json\/wp\/v2\/tags?post=113430"}],"curies":[{"name":"wp","href":"https:\/\/api.w.org\/{rel}","templated":true}]}}