{"id":113437,"date":"2021-03-21T11:00:01","date_gmt":"2021-03-21T15:00:01","guid":{"rendered":"https:\/\/linitiative.ca\/International\/bounou-buteur-et-sauveur-du-fc-seville\/"},"modified":"2021-03-21T11:00:01","modified_gmt":"2021-03-21T15:00:01","slug":"bounou-buteur-et-sauveur-du-fc-seville","status":"publish","type":"post","link":"https:\/\/linitiative.ca\/International\/bounou-buteur-et-sauveur-du-fc-seville\/","title":{"rendered":"Bounou buteur et sauveur du FC S\u00e9ville"},"content":{"rendered":"<p class=\"has-text-color has-vivid-red-color c1\"><strong>Liga (28\u00e8me journ\u00e9e)<\/strong><\/p>\n<p class=\"c2\"><strong>Par Oussama Zidouhia<\/strong><\/p>\n<p class=\"has-text-color has-vivid-cyan-blue-color\"><strong>Le Lion de l\u2019Atlas Yassine Bounou continue de gagner les c\u0153urs des amoureux du ballon rond gr\u00e2ce \u00e0 des prestations de grand calibre avec le FC S\u00e9ville. Le Marocain, d\u00e9cisif derri\u00e8re les cages, sait \u00e9galement se montrer d\u00e9cisif devant les cages!<\/strong><\/p>\n<p>En effet, dans le cadre de la 28<sup>e<\/sup> journ\u00e9e du championnat espagnol de football, le FC S\u00e9ville, men\u00e9 au score face \u00e0 Valladolid, a d\u00fb attendre la 94<sup>e<\/sup> minute de jeu pour revenir \u00e0 hauteur de son adversaire (1-1), gr\u00e2ce \u00e0 l\u2019incroyable Yassine Bounou.<\/p>\n<p>Le portier de la s\u00e9lection nationale, qui signe sa meilleure saison en professionnel depuis ses d\u00e9buts avec le Wydad de Casablanca en 2010, n\u2019a pas h\u00e9sit\u00e9 \u00e0 rejoindre son attaque pour apporter le surnombre lors de la derni\u00e8re action des siens sur corner. Une d\u00e9cision qui a port\u00e9 ses fruits puisque Bounou a r\u00e9ussi \u00e0 inscrire le but \u00e9galisateur \u00e0 la 94<sup>e<\/sup> minute contre toute attente, permettant \u00e0 son \u00e9quipe d\u2019arracher une \u00e9galisation tant recherch\u00e9e par les hommes de Julen Lopetegui, qui n\u2019a pas h\u00e9sit\u00e9 \u00e0 f\u00e9liciter Bounou\u00a0:<\/p>\n<p>\u00abC\u2019\u00e9tait la derni\u00e8re action du match et cela nous donne un go\u00fbt de bonheur. Un but de la part d\u2019un gardien de but, ce n\u2019est pas du tout commun\u00bb.<\/p>\n<p>Avec ce nul, FC S\u00e9ville est toujours quatri\u00e8me avec 55 points, \u00e0 8 unit\u00e9s de l\u2019Atletico de Madrid, qui jouera son match dimanche contre Alaves.<\/p>\n<p><strong>Bounou \u00e0 jamais dans l\u2019histoire<\/strong><\/p>\n<p>Yassine Bounou est devenu gr\u00e2ce \u00e0 ce but le premier gardien du club \u00e0 marquer un but en Liga, inscrivant au passage son nom en lettres d\u2019or dans l\u2019histoire du club Andalou.<\/p>\n<p>\u00abC\u2019est difficile de d\u00e9crire le fait de marquer un but, je ne savais m\u00eame pas comment le c\u00e9l\u00e9brer. C\u2019est tr\u00e8s \u00e9trange, vous \u00eates l\u00e0 dans votre but et puis tout d\u2019un coup. C\u2019est le premier de ma carri\u00e8re. Lopetegui m\u2019a dit de monter et je me suis souvenu d\u2019un match \u00e0 Valladolid avec Girona, o\u00f9 j\u2019ai presque marqu\u00e9. C\u2019\u00e9tait incroyable. Un tr\u00e8s bon sentiment. Les attaquants ont beaucoup de chance de vivre ce que c\u2019est que de marquer un but\u00bb, a d\u00e9clar\u00e9 Bounou apr\u00e8s la fin de la rencontre.<\/p>\n<p>Pour rappel, Bounou sera pr\u00e9sent avec la s\u00e9lection pour disputer les prochains matchs des \u00e9liminatoires de la Coupe d\u2019Afrique des Nations (CAN-2021).<\/p>\n<p>Auteur: M&rsquo;hammed rahal<br \/>\n<a href=\"http:\/\/albayane.press.ma\/bounou-buteur-et-sauveur-du-fc-seville.html\">Cliquez ici pour lire l&rsquo;article depuis sa source.<\/a><\/p>\n","protected":false},"excerpt":{"rendered":"<p>Liga (28\u00e8me journ\u00e9e) Par Oussama Zidouhia Le Lion de l\u2019Atlas Yassine Bounou continue de gagner les c\u0153urs des amoureux du ballon rond gr\u00e2ce \u00e0 des prestations de grand calibre avec le FC S\u00e9ville. Le Marocain, d\u00e9cisif derri\u00e8re les cages, sait \u00e9galement se montrer d\u00e9cisif devant les cages! En effet, dans le cadre de la 28e [&hellip;]<\/p>\n","protected":false},"author":1760,"featured_media":0,"comment_status":"closed","ping_status":"closed","sticky":false,"template":"","format":"standard","meta":{"fifu_image_url":"","fifu_image_alt":"","footnotes":""},"categories":[73,54],"tags":[],"class_list":["post-113437","post","type-post","status-publish","format-standard","hentry","category-actualite","category-maroc"],"_links":{"self":[{"href":"https:\/\/linitiative.ca\/International\/wp-json\/wp\/v2\/posts\/113437","targetHints":{"allow":["GET"]}}],"collection":[{"href":"https:\/\/linitiative.ca\/International\/wp-json\/wp\/v2\/posts"}],"about":[{"href":"https:\/\/linitiative.ca\/International\/wp-json\/wp\/v2\/types\/post"}],"author":[{"embeddable":true,"href":"https:\/\/linitiative.ca\/International\/wp-json\/wp\/v2\/users\/1760"}],"replies":[{"embeddable":true,"href":"https:\/\/linitiative.ca\/International\/wp-json\/wp\/v2\/comments?post=113437"}],"version-history":[{"count":0,"href":"https:\/\/linitiative.ca\/International\/wp-json\/wp\/v2\/posts\/113437\/revisions"}],"wp:attachment":[{"href":"https:\/\/linitiative.ca\/International\/wp-json\/wp\/v2\/media?parent=113437"}],"wp:term":[{"taxonomy":"category","embeddable":true,"href":"https:\/\/linitiative.ca\/International\/wp-json\/wp\/v2\/categories?post=113437"},{"taxonomy":"post_tag","embeddable":true,"href":"https:\/\/linitiative.ca\/International\/wp-json\/wp\/v2\/tags?post=113437"}],"curies":[{"name":"wp","href":"https:\/\/api.w.org\/{rel}","templated":true}]}}