{"id":113442,"date":"2021-03-21T08:17:12","date_gmt":"2021-03-21T12:17:12","guid":{"rendered":"https:\/\/linitiative.ca\/International\/la-diversite-marocaine-sentremele-dans-une-parfaite-scene\/"},"modified":"2021-03-21T08:17:12","modified_gmt":"2021-03-21T12:17:12","slug":"la-diversite-marocaine-sentremele-dans-une-parfaite-scene","status":"publish","type":"post","link":"https:\/\/linitiative.ca\/International\/la-diversite-marocaine-sentremele-dans-une-parfaite-scene\/","title":{"rendered":"La diversit\u00e9 marocaine s\u2019entrem\u00eale dans une parfaite sc\u00e8ne"},"content":{"rendered":"<div readability=\"40\">\n<p>Essaouira \u2013 Le Pr\u00e9sident-Fondateur du Centre d\u2019Etudes et de Recherches sur le Droit H\u00e9bra\u00efque au Maroc, M. Abdellah Ouzitane, a affirm\u00e9, vendredi \u00e0 Essaouira, que la diversit\u00e9 marocaine s\u2019entrem\u00eale dans une parfaite et harmonieuse sc\u00e8ne, soulignant que le Royaume a fait de la diversit\u00e9 \u00ab\u00a0une science de la r\u00e9f\u00e9rence depuis des si\u00e8cles\u00a0\u00bb.<\/p>\n<\/div>\n<div readability=\"109\">\n<p>\u00ab\u00a0C\u2019est l\u2019adh\u00e9sion de tous \u00e0 la philosophie de la diversit\u00e9 qui permet la f\u00e9condation mutuelle, intellectuelle et culturelle entre toutes les composantes et c\u2019est cette philosophie qui permet aussi que cette diversit\u00e9 marocaine s\u2019entrem\u00eale dans une parfaite et harmonieuse sc\u00e8ne\u00a0\u00bb, a soutenu M. Ouzitane lors d\u2019un Colloque national sur la justice h\u00e9bra\u00efque au Maroc, organis\u00e9 conjointement \u00e0 \u00ab\u00a0Bayt Dakira\u00a0\u00bb par le minist\u00e8re de la Justice et ledit Centre, et rehauss\u00e9 notamment par la pr\u00e9sence du Conseiller de SM le Roi et pr\u00e9sident-fondateur de l\u2019Association Essaouira- Mogador, M. Andr\u00e9 Azoulay, et du ministre de la Justice, M. Mohamed Ben Abdelkader.<\/p>\n<p>Il a, en outre, relev\u00e9 que \u00ab\u00a0le Droit h\u00e9bra\u00efque au Maroc, son contexte, son insertion et son int\u00e9gration dans le syst\u00e8me juridique marocain sont une r\u00e9alit\u00e9, celle de l\u2019alt\u00e9rit\u00e9 et de la r\u00e9silience\u00a0\u00bb.<\/p>\n<p>M. Ouzitane s\u2019est f\u00e9licit\u00e9, par ailleurs, de l\u2019organisation de ce colloque national dans l\u2019espace embl\u00e9matique de Bayt Dakira, \u00ab\u00a0cette magnifique demeure qui a fait na\u00eetre trois entit\u00e9s de recherche et tire sa l\u00e9gitimit\u00e9 d\u2019une histoire profonde qui se veut la v\u00e9ritable force motrice de nos actions mais aussi des g\u00e9n\u00e9rations futures\u00a0\u00bb.<\/p>\n<p>Dans ce sens, il a soutenu que toutes ces id\u00e9es et tous ces projets r\u00e9sisteront \u00e0 l\u2019usure du temps et personne n\u2019arr\u00eatera leur envol, notant que le Royaume \u00ab\u00a0a inscrit l\u2019histoire de la v\u00e9rit\u00e9 dans l\u2019histoire de l\u2019Humanit\u00e9 en rappelant que la compr\u00e9hension mutuelle est le principe, le fondement et le mod\u00e8le de l\u2019avenir\u00a0\u00bb.<\/p>\n<p>\u00ab\u00a0C\u2019est cette r\u00e9sistance sereine et responsable que nous souhaitons dessiner dans l\u2019esprit de nos enfants. Si l\u2019extr\u00eame se nourrit de la d\u00e9connexion entre religion et culture, alors faisons de la culture un espace privil\u00e9gi\u00e9 de rencontre\u00a0\u00bb, a-t-il encha\u00een\u00e9.<\/p>\n<p>Les travaux de ce Colloque ont \u00e9t\u00e9 ponctu\u00e9s de plusieurs interventions, dont celle du Pr\u00e9sident-Ex\u00e9cutif du Centre d\u2019Etudes et de Recherches sur le Droit h\u00e9bra\u00efque au Maroc, M. Farid El Bacha, qui s\u2019est r\u00e9joui de l\u2019organisation de cette rencontre de grande envergure, ajoutant qu\u2019elle va permettre de franchir un nouveau palier et d\u2019entrer dans une nouvelle phase de concertation et d\u2019engagement commun entre l\u2019Etat et la soci\u00e9t\u00e9 civile.<\/p>\n<p>Le premier pas tr\u00e8s prometteur a \u00e9t\u00e9 franchi avec le minist\u00e8re de l\u2019Education nationale, de la Formation professionnelle, de l\u2019Enseignement sup\u00e9rieur et de la Recherche scientifique, \u00e0 travers la cr\u00e9ation des clubs de tol\u00e9rance et de coexistence au sein des \u00e9tablissements d\u2019enseignement, a-t-il rappel\u00e9, notant qu\u2019une nouvelle page s\u2019ouvre aujourd\u2019hui avec le minist\u00e8re de la Justice, qui permettra \u00e0 tous de conna\u00eetre notamment le Droit h\u00e9bra\u00efque et les pratiques jurisprudentielles de la justice h\u00e9bra\u00efque au Maroc.<\/p>\n<p>De son c\u00f4t\u00e9, le pr\u00e9sident du tribunal de premi\u00e8re instance des affaires sociales de Casablanca, Mahmoud Rachid, a pr\u00e9sent\u00e9 un large aper\u00e7u sur l\u2019histoire de la justice h\u00e9bra\u00efque dans le Royaume et sur le r\u00f4le de la Chambre Rabbinique au sein dudit tribunal.<\/p>\n<p>Quant \u00e0 David El Haddad, juge rabbin \u00e0 la Chambre rabbinique de Casablanca, il a saisi l\u2019occasion pour mettre en \u00e9vidence le r\u00f4le majeur des diff\u00e9rents tribunaux au sein des soci\u00e9t\u00e9s pour la r\u00e9alisation de la justice, tout en soulignant l\u2019importance de l\u2019existence des Chambres Rabbiniques au Maroc, qui demeure le seul pays au monde \u00e0 disposer de telles juridictions o\u00f9 la justice est rendue sur la base des dispositions du droit h\u00e9bra\u00efque pour les Marocains de confession juive.<\/p>\n<\/div>\n<p>Auteur: Meriem IGASS<br \/>\n<a href=\"http:\/\/www.mapmarrakech.ma\/fr\/la-diversite-marocaine-sentremele-dans-une-parfaite-scene\/\">Cliquez ici pour lire l&rsquo;article depuis sa source.<\/a><\/p>\n","protected":false},"excerpt":{"rendered":"<p>Essaouira \u2013 Le Pr\u00e9sident-Fondateur du Centre d\u2019Etudes et de Recherches sur le Droit H\u00e9bra\u00efque au Maroc, M. Abdellah Ouzitane, a affirm\u00e9, vendredi \u00e0 Essaouira, que la diversit\u00e9 marocaine s\u2019entrem\u00eale dans une parfaite et harmonieuse sc\u00e8ne, soulignant que le Royaume a fait de la diversit\u00e9 \u00ab\u00a0une science de la r\u00e9f\u00e9rence depuis des si\u00e8cles\u00a0\u00bb. \u00ab\u00a0C\u2019est l\u2019adh\u00e9sion de [&hellip;]<\/p>\n","protected":false},"author":1788,"featured_media":0,"comment_status":"closed","ping_status":"closed","sticky":false,"template":"","format":"standard","meta":{"fifu_image_url":"","fifu_image_alt":"","footnotes":""},"categories":[54,76],"tags":[],"class_list":["post-113442","post","type-post","status-publish","format-standard","hentry","category-maroc","category-regions"],"_links":{"self":[{"href":"https:\/\/linitiative.ca\/International\/wp-json\/wp\/v2\/posts\/113442","targetHints":{"allow":["GET"]}}],"collection":[{"href":"https:\/\/linitiative.ca\/International\/wp-json\/wp\/v2\/posts"}],"about":[{"href":"https:\/\/linitiative.ca\/International\/wp-json\/wp\/v2\/types\/post"}],"author":[{"embeddable":true,"href":"https:\/\/linitiative.ca\/International\/wp-json\/wp\/v2\/users\/1788"}],"replies":[{"embeddable":true,"href":"https:\/\/linitiative.ca\/International\/wp-json\/wp\/v2\/comments?post=113442"}],"version-history":[{"count":0,"href":"https:\/\/linitiative.ca\/International\/wp-json\/wp\/v2\/posts\/113442\/revisions"}],"wp:attachment":[{"href":"https:\/\/linitiative.ca\/International\/wp-json\/wp\/v2\/media?parent=113442"}],"wp:term":[{"taxonomy":"category","embeddable":true,"href":"https:\/\/linitiative.ca\/International\/wp-json\/wp\/v2\/categories?post=113442"},{"taxonomy":"post_tag","embeddable":true,"href":"https:\/\/linitiative.ca\/International\/wp-json\/wp\/v2\/tags?post=113442"}],"curies":[{"name":"wp","href":"https:\/\/api.w.org\/{rel}","templated":true}]}}