{"id":113443,"date":"2021-03-21T08:23:15","date_gmt":"2021-03-21T12:23:15","guid":{"rendered":"https:\/\/linitiative.ca\/International\/le-developpement-du-territoire-se-doit-dinclure-linnovation\/"},"modified":"2021-03-21T08:23:15","modified_gmt":"2021-03-21T12:23:15","slug":"le-developpement-du-territoire-se-doit-dinclure-linnovation","status":"publish","type":"post","link":"https:\/\/linitiative.ca\/International\/le-developpement-du-territoire-se-doit-dinclure-linnovation\/","title":{"rendered":"Le d\u00e9veloppement du territoire se doit d\u2019inclure l\u2019innovation"},"content":{"rendered":"<div readability=\"41\">\n<p>Essaouira \u2013 \u00ab\u00a0Le d\u00e9veloppement multidimensionnel du territoire, durable et int\u00e9gr\u00e9, se doit n\u00e9cessairement d\u2019inclure la composante innovation pour faire face aux multiples al\u00e9as inh\u00e9rents aux \u00e9volutions rapides de nos espaces vitaux que nous connaissons aujourd\u2019hui\u00a0\u00bb, a affirm\u00e9, samedi \u00e0 Essaouira, le gouverneur de la province, M. Adil El Maliki.<\/p>\n<\/div>\n<div readability=\"94\">\n<p>Intervenant lors de la rencontre de la F\u00e9d\u00e9ration des Agences Urbaines du Maroc (MAJAL), initi\u00e9e sous le th\u00e8me \u00ab\u00a0Les Agences Urbaines au service de l\u2019innovation pour des territoires durables et r\u00e9silients\u00a0\u00bb et rehauss\u00e9e notamment par la pr\u00e9sence de la ministre de l\u2019Am\u00e9nagement du Territoire National, de l\u2019Urbanisme, de l\u2019Habitat et de la Politique de la Ville, Mme Nouzha Bouchareb, et de M. Andr\u00e9 Azoulay, Conseiller de SM le Roi et Pr\u00e9sident-Fondateur de l\u2019Association Essaouira-Mogador, M. El Maliki a soulign\u00e9 que le r\u00f4le des Agences Urbaines rev\u00eat une \u00ab\u00a0importance capitale\u00a0\u00bb dans cet \u00e9quilibre harmonieux \u00e0 trouver.<\/p>\n<p>Les Agences Urbaines sont appel\u00e9es \u00ab\u00a0\u00e0 \u00eatre les pivots de la mise en \u0153uvre des politiques publiques qui accompagnent l\u2019am\u00e9nagement du territoire\u00a0\u00bb, a-t-il insist\u00e9.<\/p>\n<p>Le gouverneur de la province a, en outre, salu\u00e9 le choix d\u2019Essaouira pour abriter cette Rencontre de MAJAL, ajoutant que ce choix \u00e9mane de la richesse du patrimoine de la ville, de son histoire et de son positionnement en tant que carrefour des cultures et Cit\u00e9 de tol\u00e9rance et du vivre en commun.<\/p>\n<p>Cette Rencontre, a-t-il pr\u00e9cis\u00e9, intervient lors d\u2019une phase importante du d\u00e9veloppement de la province qui a \u00e9t\u00e9 honor\u00e9e, l\u2019ann\u00e9e derni\u00e8re, par la visite de SM le Roi Mohammed VI, marqu\u00e9e par le lancement de plusieurs projets d\u2019envergure dans des domaines aussi vari\u00e9s tels que la promotion du vivre ensemble, la protection du patrimoine, les arts et la culture, la s\u00e9curit\u00e9 hydrique et le d\u00e9veloppement \u00e9conomique inclusif.<\/p>\n<p>Tous ces projets s\u2019inscrivent dans le cadre de la vision clairvoyante du Souverain d\u2019un d\u00e9veloppement durable et int\u00e9gr\u00e9 du Royaume, a-t-il indiqu\u00e9.<\/p>\n<p>Cette Rencontre de MAJAL a \u00e9t\u00e9 marqu\u00e9e par plusieurs pr\u00e9sentations portant notamment sur \u00ab\u00a0La r\u00e9habilitation des m\u00e9dinas dans la r\u00e9gion de F\u00e8s-Mekn\u00e8s\u00a0\u00bb, \u00ab\u00a0La m\u00e9dina d\u2019Essaouira, un patrimoine authentique \u00e0 valoriser\u00a0\u00bb, \u00ab\u00a0La gestion des sites inscrits patrimoine mondial, une nouvelle g\u00e9n\u00e9ration d\u2019outils \u00e0 partager: cas de Rabat\u00a0\u00bb, \u00ab\u00a0La mod\u00e9lisation de la croissance urbaine, deux projets pilotes Tanger et Marrakech: un nouveau mode de planification urbaine pour anticiper les \u00e9volutions de nos territoires \u00e0 l\u2019horizon 2050\u00a0\u00bb, ainsi que sur \u00ab\u00a0le sch\u00e9ma directeur de transformation num\u00e9rique, trois cas pilotes F\u00e8s, Marrakech et Agadir: d\u00e9velopper une offre num\u00e9rique pour renforcer l\u2019attractivit\u00e9 de l\u2019aire m\u00e9tropolitaine\u00a0\u00bb.<\/p>\n<p>Ce conclave a \u00e9t\u00e9 aussi ponctu\u00e9 de l\u2019organisation d\u2019un \u00ab\u00a0team building\u00a0\u00bb sur les nouveaux r\u00f4les et m\u00e9tiers des Agences Urbaines, anim\u00e9 et accompagn\u00e9 par des experts sp\u00e9cialis\u00e9s, avec pour objectif de consolider la culture de conduite de changement et de partager les \u00ab\u00a0best practices\u00a0\u00bb, \u00e0 travers notamment des jeux de r\u00f4le pour la stimulation de la cr\u00e9ativit\u00e9 collective.<\/p>\n<\/div>\n<p>Auteur: Meriem IGASS<br \/>\n<a href=\"http:\/\/www.mapmarrakech.ma\/fr\/le-multidimensionnel-du-territoire-se-doit-dinclure-linnovation\/\">Cliquez ici pour lire l&rsquo;article depuis sa source.<\/a><\/p>\n","protected":false},"excerpt":{"rendered":"<p>Essaouira \u2013 \u00ab\u00a0Le d\u00e9veloppement multidimensionnel du territoire, durable et int\u00e9gr\u00e9, se doit n\u00e9cessairement d\u2019inclure la composante innovation pour faire face aux multiples al\u00e9as inh\u00e9rents aux \u00e9volutions rapides de nos espaces vitaux que nous connaissons aujourd\u2019hui\u00a0\u00bb, a affirm\u00e9, samedi \u00e0 Essaouira, le gouverneur de la province, M. Adil El Maliki. Intervenant lors de la rencontre de [&hellip;]<\/p>\n","protected":false},"author":1788,"featured_media":0,"comment_status":"closed","ping_status":"closed","sticky":false,"template":"","format":"standard","meta":{"fifu_image_url":"","fifu_image_alt":"","footnotes":""},"categories":[54,76],"tags":[],"class_list":["post-113443","post","type-post","status-publish","format-standard","hentry","category-maroc","category-regions"],"_links":{"self":[{"href":"https:\/\/linitiative.ca\/International\/wp-json\/wp\/v2\/posts\/113443","targetHints":{"allow":["GET"]}}],"collection":[{"href":"https:\/\/linitiative.ca\/International\/wp-json\/wp\/v2\/posts"}],"about":[{"href":"https:\/\/linitiative.ca\/International\/wp-json\/wp\/v2\/types\/post"}],"author":[{"embeddable":true,"href":"https:\/\/linitiative.ca\/International\/wp-json\/wp\/v2\/users\/1788"}],"replies":[{"embeddable":true,"href":"https:\/\/linitiative.ca\/International\/wp-json\/wp\/v2\/comments?post=113443"}],"version-history":[{"count":0,"href":"https:\/\/linitiative.ca\/International\/wp-json\/wp\/v2\/posts\/113443\/revisions"}],"wp:attachment":[{"href":"https:\/\/linitiative.ca\/International\/wp-json\/wp\/v2\/media?parent=113443"}],"wp:term":[{"taxonomy":"category","embeddable":true,"href":"https:\/\/linitiative.ca\/International\/wp-json\/wp\/v2\/categories?post=113443"},{"taxonomy":"post_tag","embeddable":true,"href":"https:\/\/linitiative.ca\/International\/wp-json\/wp\/v2\/tags?post=113443"}],"curies":[{"name":"wp","href":"https:\/\/api.w.org\/{rel}","templated":true}]}}