{"id":113444,"date":"2021-03-21T09:19:21","date_gmt":"2021-03-21T13:19:21","guid":{"rendered":"https:\/\/linitiative.ca\/International\/remise-de-wissams-royaux-a-des-cadres-du-corps-du-secretariat-greffe\/"},"modified":"2021-03-21T09:19:21","modified_gmt":"2021-03-21T13:19:21","slug":"remise-de-wissams-royaux-a-des-cadres-du-corps-du-secretariat-greffe","status":"publish","type":"post","link":"https:\/\/linitiative.ca\/International\/remise-de-wissams-royaux-a-des-cadres-du-corps-du-secretariat-greffe\/","title":{"rendered":"Remise de Wissams Royaux \u00e0 des cadres du Corps du secr\u00e9tariat-greffe"},"content":{"rendered":"<p><iframe loading=\"lazy\" width=\"1170\" height=\"658\" src=\"https:\/\/www.youtube.com\/embed\/JeoWQLU0AS0?feature=oembed\" frameborder=\"0\" allow=\"accelerometer; autoplay; clipboard-write; encrypted-media; gyroscope; picture-in-picture\" allowfullscreen=\"allowfullscreen\">[embedded content]<\/iframe><\/p>\n<div class=\"single-post-excerpt post-excerpt-bc\" readability=\"39\">\n<p>Le ministre de la Justice, Mohamed Benabdelkader a proc\u00e9d\u00e9, jeudi au si\u00e8ge de la Cour d\u2019Appel de Marrakech, \u00e0 la remise de Wissams Royaux \u00e0 des cadres du Corps du secr\u00e9tariat-greffe relevant de la Circonscription judiciaire de ladite Cour, en signe de reconnaissance des efforts consentis par ces fonctionnaires au service du syst\u00e8me de la justice sur les plans r\u00e9gional et national.<\/p>\n<\/div>\n<p>Auteur: Meriem IGASS<br \/>\n<a href=\"http:\/\/www.mapmarrakech.ma\/fr\/remise-de-wissams-royaux-a-des-cadres-du-corps-du-secretariat-greffe-2\/\">Cliquez ici pour lire l&rsquo;article depuis sa source.<\/a><\/p>\n","protected":false},"excerpt":{"rendered":"<p>[embedded content] Le ministre de la Justice, Mohamed Benabdelkader a proc\u00e9d\u00e9, jeudi au si\u00e8ge de la Cour d\u2019Appel de Marrakech, \u00e0 la remise de Wissams Royaux \u00e0 des cadres du Corps du secr\u00e9tariat-greffe relevant de la Circonscription judiciaire de ladite Cour, en signe de reconnaissance des efforts consentis par ces fonctionnaires au service du syst\u00e8me [&hellip;]<\/p>\n","protected":false},"author":1788,"featured_media":0,"comment_status":"closed","ping_status":"closed","sticky":false,"template":"","format":"standard","meta":{"fifu_image_url":"","fifu_image_alt":"","footnotes":""},"categories":[54,76],"tags":[],"class_list":["post-113444","post","type-post","status-publish","format-standard","hentry","category-maroc","category-regions"],"_links":{"self":[{"href":"https:\/\/linitiative.ca\/International\/wp-json\/wp\/v2\/posts\/113444","targetHints":{"allow":["GET"]}}],"collection":[{"href":"https:\/\/linitiative.ca\/International\/wp-json\/wp\/v2\/posts"}],"about":[{"href":"https:\/\/linitiative.ca\/International\/wp-json\/wp\/v2\/types\/post"}],"author":[{"embeddable":true,"href":"https:\/\/linitiative.ca\/International\/wp-json\/wp\/v2\/users\/1788"}],"replies":[{"embeddable":true,"href":"https:\/\/linitiative.ca\/International\/wp-json\/wp\/v2\/comments?post=113444"}],"version-history":[{"count":0,"href":"https:\/\/linitiative.ca\/International\/wp-json\/wp\/v2\/posts\/113444\/revisions"}],"wp:attachment":[{"href":"https:\/\/linitiative.ca\/International\/wp-json\/wp\/v2\/media?parent=113444"}],"wp:term":[{"taxonomy":"category","embeddable":true,"href":"https:\/\/linitiative.ca\/International\/wp-json\/wp\/v2\/categories?post=113444"},{"taxonomy":"post_tag","embeddable":true,"href":"https:\/\/linitiative.ca\/International\/wp-json\/wp\/v2\/tags?post=113444"}],"curies":[{"name":"wp","href":"https:\/\/api.w.org\/{rel}","templated":true}]}}