{"id":113446,"date":"2021-03-20T18:43:16","date_gmt":"2021-03-20T22:43:16","guid":{"rendered":"https:\/\/linitiative.ca\/International\/celebration-des-journees-internationales-de-leau-et-de-la-foret\/"},"modified":"2021-03-20T18:43:16","modified_gmt":"2021-03-20T22:43:16","slug":"celebration-des-journees-internationales-de-leau-et-de-la-foret","status":"publish","type":"post","link":"https:\/\/linitiative.ca\/International\/celebration-des-journees-internationales-de-leau-et-de-la-foret\/","title":{"rendered":"C\u00e9l\u00e9bration des journ\u00e9es internationales de l\u2019eau et de la for\u00eat"},"content":{"rendered":"<p class=\"c4\">La ville de Berkane a accueilli, samedi, une rencontre pour c\u00e9l\u00e9brer les journ\u00e9es internationales de la for\u00eat (21 mars) et de l\u2019eau (22 mars), tenue sous le th\u00e8me \u00abNotre environnement est notre poumon, notre sant\u00e9 en d\u00e9pend\u00bb.<\/p>\n<p class=\"c4\">Cette rencontre, organis\u00e9e par des associations de la soci\u00e9t\u00e9 civile en partenariat notamment avec la pr\u00e9fecture de la province de Berkane, la direction r\u00e9gionale du secteur de l\u2019Eau et des for\u00eats et les communes locales, a permis de faire le point, \u00e0 travers plusieurs expos\u00e9s, sur la situation environnementale dans la province et dans la r\u00e9gion de l\u2019Oriental en g\u00e9n\u00e9ral.<\/p>\n<p class=\"c4\">L\u2019\u00e9v\u00e8nement, tenu avec la participation notamment du gouverneur de la province de Berkane, Mohamed Ali Habouha, du secr\u00e9taire g\u00e9n\u00e9ral du d\u00e9partement des Eaux et for\u00eats, Abderrahim Houmy, de responsables r\u00e9gionaux et provinciaux des secteurs concern\u00e9s et d\u2019\u00e9lus, a \u00e9galement offert l\u2019occasion de passer en revue les programmes et strat\u00e9gies de d\u00e9veloppement destin\u00e9es aux domaines de l\u2019eau, des for\u00eats et de l\u2019environnement au niveau national et r\u00e9gional.<\/p>\n<p class=\"c4\">Intervenant lors de cette rencontre, M. Habouha a mis en exergue les acquis du Maroc en mati\u00e8re de protection de l\u2019environnement et de lutte contre les effets du r\u00e9chauffement climatique, r\u00e9alis\u00e9s sous la conduite \u00e9clair\u00e9e de SM le Roi Mohammed VI et qui se concr\u00e9tisent \u00e0 travers diff\u00e9rentes initiatives et strat\u00e9gies dans les domaines, entre autres, de l\u2019eau, des \u00e9nergies renouvelables et des for\u00eats.<\/p>\n<p class=\"c4\">Il a aussi relev\u00e9 que la province de Berkane conna\u00eet la mise en \u0153uvre d\u2019une exp\u00e9rience pionni\u00e8re dans le domaine environnemental, \u00e0 savoir la gestion directe du secteur de la propret\u00e9 et de l\u2019assainissement solide \u00e0 travers la soci\u00e9t\u00e9 de d\u00e9veloppement local \u00abMarafik Berkane\u00bb, faisant savoir que cette soci\u00e9t\u00e9 se chargera \u00e9galement de la gestion d\u2019autres services et \u00e9quipements ayant un lien direct avec la protection de l\u2019environnement, comme l\u2019am\u00e9nagement des espaces verts, la r\u00e9habilitation de l\u2019ancienne d\u00e9charge et la mise \u00e0 niveau de la station d\u2019\u00e9puration de l\u2019Agropole de Berkane.<\/p>\n<p class=\"c4\">Il s\u2019agit de faire de Berkane un p\u00f4le \u00e9cologique exemplaire dans les prochains mois, a affirm\u00e9 M. Habouha.<\/p>\n<p class=\"c4\">De son c\u00f4t\u00e9, M. Houmy a mis l\u2019accent sur l\u2019importance des espaces forestiers et de leurs r\u00f4les \u00e9conomiques, sociaux et \u00e9cologiques, soulignant \u00e0 cet \u00e9gard la nouvelle strat\u00e9gie \u00abFor\u00eats du Maroc 2020-2030\u00bb, lanc\u00e9e par SM le Roi Mohammed VI le 13 f\u00e9vrier 2020 dans l\u2019objectif d\u2019une gestion durable des espaces forestiers, g\u00e9n\u00e9rant des richesses au profit de l\u2019\u00e9conomie nationale et des populations locales.<\/p>\n<p class=\"c4\">Cette strat\u00e9gie constitue un tournant dans l\u2019histoire de la gestion des for\u00eats au Maroc, et une \u00e9tape historique pour relever les d\u00e9fis auxquels fait face le secteur, a-t-il indiqu\u00e9, notant que cette strat\u00e9gie entend valoriser les ressources et les services forestiers et moderniser le secteur pour le rendre plus comp\u00e9titif, et ce \u00e0 travers un mod\u00e8le de gestion int\u00e9gr\u00e9 et durable.<\/p>\n<p class=\"c4\">Cette rencontre a \u00e9t\u00e9 marqu\u00e9e par la signature de conventions de partenariat portant sur le d\u00e9veloppement de la fili\u00e8re de l\u2019Arganier au niveau de la province de Berkane et sur le renforcement de la protection du milieu naturel et de la biodiversit\u00e9 dans la province.<\/p>\n<p class=\"c4\">A l\u2019issue de cette rencontre, MM. Habouha et Houmy et la d\u00e9l\u00e9gation les accompagnant ont proc\u00e9d\u00e9 au lancement d\u2019initiatives de plantation d\u2019arbres au niveau de l\u2019espace \u00e9cologique de la Cigogne blanche, o\u00f9 ils ont suivi des explications sur le projet d\u2019am\u00e9nagement de cet espace, qui doit accueillir notamment un b\u00e2timent d\u2019accueil et d\u2019exposition et une salle polyvalente, pour un co\u00fbt estim\u00e9 \u00e0 un million de dirhams.<\/p>\n<p>Auteur: Soufiane ELAHMAR<br \/>\n<a href=\"http:\/\/www.mapoujda.ma\/fr\/celebration-des-journees-internationales-de-leau-et-de-la-foret\/\">Cliquez ici pour lire l&rsquo;article depuis sa source.<\/a><\/p>\n","protected":false},"excerpt":{"rendered":"<p>La ville de Berkane a accueilli, samedi, une rencontre pour c\u00e9l\u00e9brer les journ\u00e9es internationales de la for\u00eat (21 mars) et de l\u2019eau (22 mars), tenue sous le th\u00e8me \u00abNotre environnement est notre poumon, notre sant\u00e9 en d\u00e9pend\u00bb. Cette rencontre, organis\u00e9e par des associations de la soci\u00e9t\u00e9 civile en partenariat notamment avec la pr\u00e9fecture de la [&hellip;]<\/p>\n","protected":false},"author":1788,"featured_media":0,"comment_status":"closed","ping_status":"closed","sticky":false,"template":"","format":"standard","meta":{"fifu_image_url":"","fifu_image_alt":"","footnotes":""},"categories":[54,76],"tags":[],"class_list":["post-113446","post","type-post","status-publish","format-standard","hentry","category-maroc","category-regions"],"_links":{"self":[{"href":"https:\/\/linitiative.ca\/International\/wp-json\/wp\/v2\/posts\/113446","targetHints":{"allow":["GET"]}}],"collection":[{"href":"https:\/\/linitiative.ca\/International\/wp-json\/wp\/v2\/posts"}],"about":[{"href":"https:\/\/linitiative.ca\/International\/wp-json\/wp\/v2\/types\/post"}],"author":[{"embeddable":true,"href":"https:\/\/linitiative.ca\/International\/wp-json\/wp\/v2\/users\/1788"}],"replies":[{"embeddable":true,"href":"https:\/\/linitiative.ca\/International\/wp-json\/wp\/v2\/comments?post=113446"}],"version-history":[{"count":0,"href":"https:\/\/linitiative.ca\/International\/wp-json\/wp\/v2\/posts\/113446\/revisions"}],"wp:attachment":[{"href":"https:\/\/linitiative.ca\/International\/wp-json\/wp\/v2\/media?parent=113446"}],"wp:term":[{"taxonomy":"category","embeddable":true,"href":"https:\/\/linitiative.ca\/International\/wp-json\/wp\/v2\/categories?post=113446"},{"taxonomy":"post_tag","embeddable":true,"href":"https:\/\/linitiative.ca\/International\/wp-json\/wp\/v2\/tags?post=113446"}],"curies":[{"name":"wp","href":"https:\/\/api.w.org\/{rel}","templated":true}]}}