{"id":113447,"date":"2021-03-21T06:48:03","date_gmt":"2021-03-21T10:48:03","guid":{"rendered":"https:\/\/linitiative.ca\/International\/legere-appreciation-du-dirham-face-a-leuro\/"},"modified":"2021-03-21T06:48:03","modified_gmt":"2021-03-21T10:48:03","slug":"legere-appreciation-du-dirham-face-a-leuro","status":"publish","type":"post","link":"https:\/\/linitiative.ca\/International\/legere-appreciation-du-dirham-face-a-leuro\/","title":{"rendered":"L\u00e9g\u00e8re appr\u00e9ciation du dirham face \u00e0 l&rsquo;euro"},"content":{"rendered":"<p class=\"rtejustify\">Le dirham s&rsquo;est appr\u00e9ci\u00e9 de 0,14% par rapport \u00e0 l\u2019euro et de 0,20% vis-\u00e0-vis du dollar am\u00e9ricain, durant la p\u00e9riode allant du 11 au 17 mars, selon Bank Al-Maghrib (BAM).\u00a0 Au 12 mars dernier, l\u2019encours des avoirs officiels de r\u00e9serve s\u2019est \u00e9tabli \u00e0 307,5 milliards de DH, en baisse de 0,1% d&rsquo;une semaine \u00e0 l&rsquo;autre et en progression de 24,2% en glissement annuel, pr\u00e9cise la banque centrale.<\/p>\n<p class=\"rtejustify\">\u00a0<\/p>\n<p>Auteur: hgueye<br \/>\n<a href=\"https:\/\/www.leconomiste.com\/flash-infos\/legere-appreciation-du-dirham-face-l-euro\">Cliquez ici pour lire l&rsquo;article depuis sa source.<\/a><\/p>\n","protected":false},"excerpt":{"rendered":"<p>Le dirham s&rsquo;est appr\u00e9ci\u00e9 de 0,14% par rapport \u00e0 l\u2019euro et de 0,20% vis-\u00e0-vis du dollar am\u00e9ricain, durant la p\u00e9riode allant du 11 au 17 mars, selon Bank Al-Maghrib (BAM).\u00a0 Au 12 mars dernier, l\u2019encours des avoirs officiels de r\u00e9serve s\u2019est \u00e9tabli \u00e0 307,5 milliards de DH, en baisse de 0,1% d&rsquo;une semaine \u00e0 l&rsquo;autre [&hellip;]<\/p>\n","protected":false},"author":1763,"featured_media":0,"comment_status":"closed","ping_status":"closed","sticky":false,"template":"","format":"standard","meta":{"fifu_image_url":"","fifu_image_alt":"","footnotes":""},"categories":[78,54],"tags":[],"class_list":["post-113447","post","type-post","status-publish","format-standard","hentry","category-economie","category-maroc"],"_links":{"self":[{"href":"https:\/\/linitiative.ca\/International\/wp-json\/wp\/v2\/posts\/113447","targetHints":{"allow":["GET"]}}],"collection":[{"href":"https:\/\/linitiative.ca\/International\/wp-json\/wp\/v2\/posts"}],"about":[{"href":"https:\/\/linitiative.ca\/International\/wp-json\/wp\/v2\/types\/post"}],"author":[{"embeddable":true,"href":"https:\/\/linitiative.ca\/International\/wp-json\/wp\/v2\/users\/1763"}],"replies":[{"embeddable":true,"href":"https:\/\/linitiative.ca\/International\/wp-json\/wp\/v2\/comments?post=113447"}],"version-history":[{"count":0,"href":"https:\/\/linitiative.ca\/International\/wp-json\/wp\/v2\/posts\/113447\/revisions"}],"wp:attachment":[{"href":"https:\/\/linitiative.ca\/International\/wp-json\/wp\/v2\/media?parent=113447"}],"wp:term":[{"taxonomy":"category","embeddable":true,"href":"https:\/\/linitiative.ca\/International\/wp-json\/wp\/v2\/categories?post=113447"},{"taxonomy":"post_tag","embeddable":true,"href":"https:\/\/linitiative.ca\/International\/wp-json\/wp\/v2\/tags?post=113447"}],"curies":[{"name":"wp","href":"https:\/\/api.w.org\/{rel}","templated":true}]}}