{"id":113448,"date":"2021-03-21T07:28:58","date_gmt":"2021-03-21T11:28:58","guid":{"rendered":"https:\/\/linitiative.ca\/International\/para-athletisme-les-marocains-se-distinguent-a-tunis\/"},"modified":"2021-03-21T07:28:58","modified_gmt":"2021-03-21T11:28:58","slug":"para-athletisme-les-marocains-se-distinguent-a-tunis","status":"publish","type":"post","link":"https:\/\/linitiative.ca\/International\/para-athletisme-les-marocains-se-distinguent-a-tunis\/","title":{"rendered":"Para-athl\u00e9tisme: Les Marocains se distinguent \u00e0 Tunis"},"content":{"rendered":"<p class=\"rtejustify\">Une belle moisson pour les athl\u00e8tes paralympiques marocains. Ces derniers ont remport\u00e9\u00a023 m\u00e9dailles (9 en or, 8 en argent et 6 en bronze) lors du Grand prix de Tunis 2021 de para-athl\u00e9tisme, qualificatif pour les Jeux paralympiques de Tokyo. La s\u00e9lection nationale termine ainsi cette comp\u00e9tition\u00a0\u00e0 la deuxi\u00e8me place derri\u00e8re le pays organisateur, la Tunisie (28 m\u00e9dailles: 9 or, 12 argent et 7 bronze).<\/p>\n<p class=\"rtejustify\">Le Maroc a d\u00e9croch\u00e9, durant la derni\u00e8re journ\u00e9e organis\u00e9e samedi, 7 nouvelles m\u00e9dailles. La s\u00e9lection nationale devance au tableau finale la Colombie, la France, la Turquie et l&rsquo;Alg\u00e9rie.\u00a0<\/p>\n<p class=\"rtejustify\">Cette troisi\u00e8me journ\u00e9e a, notamment, \u00e9t\u00e9 marqu\u00e9e par la pulv\u00e9risation du record du monde de lancer du disque dans la cat\u00e9gorie F40 par la Marocaine Youssra Karim qui a lanc\u00e9 \u00e0 une distance de 35.33m. Faouzia El Kissioui s\u2019est \u00e9galement illustr\u00e9e au lancer de javelot dans la cat\u00e9gorie F33 en raflant l\u2019or, suivi d\u2019Adnane Khouri T13 au 400m.<\/p>\n<p class=\"rtejustify\">\u00a0<\/p>\n<p>Auteur: hgueye<br \/>\n<a href=\"https:\/\/www.leconomiste.com\/flash-infos\/para-athletisme-les-marocains-se-distinguent-tunis\">Cliquez ici pour lire l&rsquo;article depuis sa source.<\/a><\/p>\n","protected":false},"excerpt":{"rendered":"<p>Une belle moisson pour les athl\u00e8tes paralympiques marocains. Ces derniers ont remport\u00e9\u00a023 m\u00e9dailles (9 en or, 8 en argent et 6 en bronze) lors du Grand prix de Tunis 2021 de para-athl\u00e9tisme, qualificatif pour les Jeux paralympiques de Tokyo. La s\u00e9lection nationale termine ainsi cette comp\u00e9tition\u00a0\u00e0 la deuxi\u00e8me place derri\u00e8re le pays organisateur, la Tunisie [&hellip;]<\/p>\n","protected":false},"author":1763,"featured_media":0,"comment_status":"closed","ping_status":"closed","sticky":false,"template":"","format":"standard","meta":{"fifu_image_url":"","fifu_image_alt":"","footnotes":""},"categories":[78,54],"tags":[],"class_list":["post-113448","post","type-post","status-publish","format-standard","hentry","category-economie","category-maroc"],"_links":{"self":[{"href":"https:\/\/linitiative.ca\/International\/wp-json\/wp\/v2\/posts\/113448","targetHints":{"allow":["GET"]}}],"collection":[{"href":"https:\/\/linitiative.ca\/International\/wp-json\/wp\/v2\/posts"}],"about":[{"href":"https:\/\/linitiative.ca\/International\/wp-json\/wp\/v2\/types\/post"}],"author":[{"embeddable":true,"href":"https:\/\/linitiative.ca\/International\/wp-json\/wp\/v2\/users\/1763"}],"replies":[{"embeddable":true,"href":"https:\/\/linitiative.ca\/International\/wp-json\/wp\/v2\/comments?post=113448"}],"version-history":[{"count":0,"href":"https:\/\/linitiative.ca\/International\/wp-json\/wp\/v2\/posts\/113448\/revisions"}],"wp:attachment":[{"href":"https:\/\/linitiative.ca\/International\/wp-json\/wp\/v2\/media?parent=113448"}],"wp:term":[{"taxonomy":"category","embeddable":true,"href":"https:\/\/linitiative.ca\/International\/wp-json\/wp\/v2\/categories?post=113448"},{"taxonomy":"post_tag","embeddable":true,"href":"https:\/\/linitiative.ca\/International\/wp-json\/wp\/v2\/tags?post=113448"}],"curies":[{"name":"wp","href":"https:\/\/api.w.org\/{rel}","templated":true}]}}