{"id":113451,"date":"2021-03-21T13:00:20","date_gmt":"2021-03-21T17:00:20","guid":{"rendered":"https:\/\/linitiative.ca\/International\/covid19-246-nouveaux-cas-4-deces\/"},"modified":"2021-03-21T13:00:20","modified_gmt":"2021-03-21T17:00:20","slug":"covid19-246-nouveaux-cas-4-deces","status":"publish","type":"post","link":"https:\/\/linitiative.ca\/International\/covid19-246-nouveaux-cas-4-deces\/","title":{"rendered":"Covid19: 246 nouveaux cas, 4 d\u00e9c\u00e8s"},"content":{"rendered":"<p class=\"rtejustify\">Le Maroc a enregistr\u00e9\u00a0<strong>246<\/strong> nouveaux cas de Covid19 durant les derni\u00e8res 24 heures, ce qui porte le total \u00e0 <strong>491.709\u00a0<\/strong>cas confirm\u00e9s, d&rsquo;apr\u00e8s le nouveau bilan du minist\u00e8re de la Sant\u00e9 de ce dimanche 21 mars 2021.<\/p>\n<p class=\"rtejustify\">Le nombre total de personnes vaccin\u00e9es se chiffre \u00e0 <strong>4.264.168<\/strong> , indique le minist\u00e8re. <strong>2.423.380<\/strong> personnes ont pris leur 2e dose. Casablanca-Settat a enregistr\u00e9 <strong>160<\/strong> nouveaux cas, alors que la r\u00e9gion de l&rsquo;Oriental en compte <strong>20<\/strong>. Au total, <strong>6.358<\/strong> nouveaux tests ont \u00e9t\u00e9 r\u00e9alis\u00e9s.<\/p>\n<p class=\"rtejustify\">Quant au nombre de d\u00e9c\u00e8s, il s&rsquo;\u00e9tablit \u00e0 <strong>8.767<\/strong>, soit <strong>4<\/strong> d\u00e9c\u00e8s de plus en 24 heures (taux de l\u00e9talit\u00e9 1,8%), alors que <strong>382<\/strong> nouvelles gu\u00e9risons ont \u00e9t\u00e9 recens\u00e9es, soit au total\u00a0<strong>479.252<\/strong> (taux de gu\u00e9rison 97,5%).<\/p>\n<p class=\"rtejustify\">Le nombre de cas encore actifs atteint <strong>3.690<\/strong>, dont <strong>408<\/strong> s\u00e9v\u00e8res. Parmi ces derniers, <strong>25<\/strong> sont sous intubation, alors que <strong>240<\/strong> sont sous ventilation non invasive. Par ailleurs, le taux d&rsquo;occupation des lits d\u00e9di\u00e9s au Covid-19 atteint 12,9%.<\/p>\n<blockquote readability=\"4.75\">\n<p class=\"rtejustify\"><strong>Pour plus de d\u00e9tails, voir l&rsquo;\u00e9volution en temps r\u00e9el de l&rsquo;\u00e9pid\u00e9mie sur <a href=\"https:\/\/www.leconomiste.com\/covid19\/\">https:\/\/www.leconomiste.com\/covid19\/<\/a><\/strong><\/p>\n<\/blockquote>\n<p>Auteur: hgueye<br \/>\n<a href=\"https:\/\/www.leconomiste.com\/flash-infos\/covid19-millions-de-personnes-vaccinees-10\">Cliquez ici pour lire l&rsquo;article depuis sa source.<\/a><\/p>\n","protected":false},"excerpt":{"rendered":"<p>Le Maroc a enregistr\u00e9\u00a0246 nouveaux cas de Covid19 durant les derni\u00e8res 24 heures, ce qui porte le total \u00e0 491.709\u00a0cas confirm\u00e9s, d&rsquo;apr\u00e8s le nouveau bilan du minist\u00e8re de la Sant\u00e9 de ce dimanche 21 mars 2021. Le nombre total de personnes vaccin\u00e9es se chiffre \u00e0 4.264.168 , indique le minist\u00e8re. 2.423.380 personnes ont pris leur [&hellip;]<\/p>\n","protected":false},"author":1763,"featured_media":0,"comment_status":"closed","ping_status":"closed","sticky":false,"template":"","format":"standard","meta":{"fifu_image_url":"","fifu_image_alt":"","footnotes":""},"categories":[78,54],"tags":[],"class_list":["post-113451","post","type-post","status-publish","format-standard","hentry","category-economie","category-maroc"],"_links":{"self":[{"href":"https:\/\/linitiative.ca\/International\/wp-json\/wp\/v2\/posts\/113451","targetHints":{"allow":["GET"]}}],"collection":[{"href":"https:\/\/linitiative.ca\/International\/wp-json\/wp\/v2\/posts"}],"about":[{"href":"https:\/\/linitiative.ca\/International\/wp-json\/wp\/v2\/types\/post"}],"author":[{"embeddable":true,"href":"https:\/\/linitiative.ca\/International\/wp-json\/wp\/v2\/users\/1763"}],"replies":[{"embeddable":true,"href":"https:\/\/linitiative.ca\/International\/wp-json\/wp\/v2\/comments?post=113451"}],"version-history":[{"count":0,"href":"https:\/\/linitiative.ca\/International\/wp-json\/wp\/v2\/posts\/113451\/revisions"}],"wp:attachment":[{"href":"https:\/\/linitiative.ca\/International\/wp-json\/wp\/v2\/media?parent=113451"}],"wp:term":[{"taxonomy":"category","embeddable":true,"href":"https:\/\/linitiative.ca\/International\/wp-json\/wp\/v2\/categories?post=113451"},{"taxonomy":"post_tag","embeddable":true,"href":"https:\/\/linitiative.ca\/International\/wp-json\/wp\/v2\/tags?post=113451"}],"curies":[{"name":"wp","href":"https:\/\/api.w.org\/{rel}","templated":true}]}}