{"id":113454,"date":"2021-03-21T15:14:15","date_gmt":"2021-03-21T19:14:15","guid":{"rendered":"https:\/\/linitiative.ca\/International\/pros-man-city-guardiola-riyad-et-kevin-ont-change-le-rythme-du-match\/"},"modified":"2021-03-21T15:14:15","modified_gmt":"2021-03-21T19:14:15","slug":"pros-man-city-guardiola-riyad-et-kevin-ont-change-le-rythme-du-match","status":"publish","type":"post","link":"https:\/\/linitiative.ca\/International\/pros-man-city-guardiola-riyad-et-kevin-ont-change-le-rythme-du-match\/","title":{"rendered":"Pros : Man City &#8211; Guardiola : \u00ab\u00a0Riyad et Kevin ont chang\u00e9 le rythme du match\u00a0\u00bb"},"content":{"rendered":"<div readability=\"32\">\n<p>Auteur : <span class=\"time\">dimanche 21 mars 2021 12:37<\/span><\/p>\n<\/div>\n<div id=\"post_core\" readability=\"42\">\n<p>Un choix qui s&rsquo;est av\u00e9r\u00e9 gagnant pour Pep Guardiola vu que les Citizens se sont impos\u00e9s sur le score de 2-0 et se qualifient pour les demi-finales de la comp\u00e9tition. A l&rsquo;issue de la rencontre, l&rsquo;entraineur catalan n&rsquo;a pas manqu\u00e9 de souligner l&rsquo;importance de l&rsquo;entr\u00e9e en jeu de ces deux joueurs. Il a ainsi d\u00e9clar\u00e9 \u00e0 ce sujet :<\/p>\n<p>\u00ab\u00a0Nous savions que l&rsquo;\u00e9quipe qui allait marquer finirait par remporter le match. Tous les joueurs ont \u00e9t\u00e9 fantastiques et Riyad et Kevin ont chang\u00e9 le rythme de la rencontre dans les derni\u00e8res minutes. On a fini par marquer ce but qui nous a offert la qualification\u00a0\u00bb.<\/p>\n<p><strong>Publi\u00e9 dans :<\/strong> <span>Manchester City<\/span><\/p>\n<\/div>\n<p>Auteur:<br \/>\n<a href=\"http:\/\/www.lebuteur.com\/article\/detail?titre=man-city-guardiola-riyad-et-kevin-ont-change-le-rythme-du-match&#038;id=99469&#038;utm_source=feedburner&#038;utm_medium=feed&#038;utm_campaign=Feed%3A+GalerieFArtciles+%28Les+derniers+articles++-+lebuteur.com%29\">Cliquez ici pour lire l&rsquo;article depuis sa source.<\/a><\/p>\n","protected":false},"excerpt":{"rendered":"<p>Auteur : dimanche 21 mars 2021 12:37 Un choix qui s&rsquo;est av\u00e9r\u00e9 gagnant pour Pep Guardiola vu que les Citizens se sont impos\u00e9s sur le score de 2-0 et se qualifient pour les demi-finales de la comp\u00e9tition. A l&rsquo;issue de la rencontre, l&rsquo;entraineur catalan n&rsquo;a pas manqu\u00e9 de souligner l&rsquo;importance de l&rsquo;entr\u00e9e en jeu de [&hellip;]<\/p>\n","protected":false},"author":1738,"featured_media":0,"comment_status":"closed","ping_status":"closed","sticky":false,"template":"","format":"standard","meta":{"fifu_image_url":"\/\/cdn.lebuteur.com\/data\/images\/article\/thumbs\/large-man-city-guardiola-riyad-et-kevin-ont-change-le-rythme-du-match-1637f.jpg","fifu_image_alt":"Pros : Man City - Guardiola : \"Riyad et Kevin ont chang\u00e9 le rythme du match\"","footnotes":""},"categories":[53,75],"tags":[],"class_list":["post-113454","post","type-post","status-publish","format-standard","hentry","category-algerie","category-sport"],"_links":{"self":[{"href":"https:\/\/linitiative.ca\/International\/wp-json\/wp\/v2\/posts\/113454","targetHints":{"allow":["GET"]}}],"collection":[{"href":"https:\/\/linitiative.ca\/International\/wp-json\/wp\/v2\/posts"}],"about":[{"href":"https:\/\/linitiative.ca\/International\/wp-json\/wp\/v2\/types\/post"}],"author":[{"embeddable":true,"href":"https:\/\/linitiative.ca\/International\/wp-json\/wp\/v2\/users\/1738"}],"replies":[{"embeddable":true,"href":"https:\/\/linitiative.ca\/International\/wp-json\/wp\/v2\/comments?post=113454"}],"version-history":[{"count":0,"href":"https:\/\/linitiative.ca\/International\/wp-json\/wp\/v2\/posts\/113454\/revisions"}],"wp:attachment":[{"href":"https:\/\/linitiative.ca\/International\/wp-json\/wp\/v2\/media?parent=113454"}],"wp:term":[{"taxonomy":"category","embeddable":true,"href":"https:\/\/linitiative.ca\/International\/wp-json\/wp\/v2\/categories?post=113454"},{"taxonomy":"post_tag","embeddable":true,"href":"https:\/\/linitiative.ca\/International\/wp-json\/wp\/v2\/tags?post=113454"}],"curies":[{"name":"wp","href":"https:\/\/api.w.org\/{rel}","templated":true}]}}