{"id":113455,"date":"2021-03-21T15:14:17","date_gmt":"2021-03-21T19:14:17","guid":{"rendered":"https:\/\/linitiative.ca\/International\/international-joachim-low-vers-la-liga-apres-leuro\/"},"modified":"2021-03-21T15:14:17","modified_gmt":"2021-03-21T19:14:17","slug":"international-joachim-low-vers-la-liga-apres-leuro","status":"publish","type":"post","link":"https:\/\/linitiative.ca\/International\/international-joachim-low-vers-la-liga-apres-leuro\/","title":{"rendered":"International : Joachim L\u00f6w vers la Liga apr\u00e8s l&rsquo;EURO ?"},"content":{"rendered":"<div readability=\"32\">\n<p>Auteur : <span class=\"time\">dimanche 21 mars 2021 13:50<\/span><\/p>\n<\/div>\n<div id=\"post_core\" readability=\"52\">\n<p>Apr\u00e8s 15 ans \u00e0 la t\u00eate de l&rsquo;\u00e9quipe nationale allemande, Joachim L\u00f6w pourrait se tourner vers LaLiga pour le prochain chapitre de sa carri\u00e8re d&rsquo;entra\u00eeneur.<\/p>\n<p>Joachim L\u00f6w mettra un terme \u00e0 sa carri\u00e8re d&rsquo;entra\u00eeneur de l&rsquo;\u00e9quipe nationale allemande \u00e0 l&rsquo;issue de la prochaine comp\u00e9tition de l&rsquo;Euro 2020 qui se terminera en juillet comme l&rsquo;indique Goal.<\/p>\n<p>Apr\u00e8s 15 ans \u00e0 la direction de Die Mannschaft, des rumeurs en Allemagne sugg\u00e8rent que la Liga espagnole pourrait \u00eatre la prochaine escale de l&rsquo;entra\u00eeneur v\u00e9t\u00e9ran.<\/p>\n<p>Le magazine allemand Bild confirme que L\u00f6w a commenc\u00e9 \u00e0 prendre des cours d&rsquo;espagnol priv\u00e9s avec La Liga toujours consid\u00e9r\u00e9e comme une proposition attrayante par l&rsquo;Allemand qui \u00e9tait associ\u00e9 \u00e0 un passage au banc du Real Madrid dans le pass\u00e9.<\/p>\n<p>S&rsquo;adressant \u00e0 la radio Bayern1, L\u00f6w a admis qu&rsquo;il apprenait actuellement l&rsquo;espagnol et a d\u00e9sign\u00e9 l&rsquo;entra\u00eeneur actuel du Bayern Munich, Hansi Flick, comme le candidat id\u00e9al pour le remplacer en tant que patron de l&rsquo;\u00e9quipe nationale allemande.<\/p>\n<p><strong>Publi\u00e9 dans :<\/strong> <span>Liga<\/span><\/p>\n<\/div>\n<p>Auteur:<br \/>\n<a href=\"http:\/\/www.lebuteur.com\/article\/detail?titre=joachim-low-vers-la-liga-apres-leuro&#038;id=99470&#038;utm_source=feedburner&#038;utm_medium=feed&#038;utm_campaign=Feed%3A+GalerieFArtciles+%28Les+derniers+articles++-+lebuteur.com%29\">Cliquez ici pour lire l&rsquo;article depuis sa source.<\/a><\/p>\n","protected":false},"excerpt":{"rendered":"<p>Auteur : dimanche 21 mars 2021 13:50 Apr\u00e8s 15 ans \u00e0 la t\u00eate de l&rsquo;\u00e9quipe nationale allemande, Joachim L\u00f6w pourrait se tourner vers LaLiga pour le prochain chapitre de sa carri\u00e8re d&rsquo;entra\u00eeneur. Joachim L\u00f6w mettra un terme \u00e0 sa carri\u00e8re d&rsquo;entra\u00eeneur de l&rsquo;\u00e9quipe nationale allemande \u00e0 l&rsquo;issue de la prochaine comp\u00e9tition de l&rsquo;Euro 2020 qui [&hellip;]<\/p>\n","protected":false},"author":1738,"featured_media":0,"comment_status":"closed","ping_status":"closed","sticky":false,"template":"","format":"standard","meta":{"fifu_image_url":"\/\/cdn.lebuteur.com\/data\/images\/article\/thumbs\/large-joachim-low-vers-la-liga-apres-leuro-a4233.jpg","fifu_image_alt":"International : Joachim L\u00f6w vers la Liga apr\u00e8s l'EURO ?","footnotes":""},"categories":[53,75],"tags":[],"class_list":["post-113455","post","type-post","status-publish","format-standard","hentry","category-algerie","category-sport"],"_links":{"self":[{"href":"https:\/\/linitiative.ca\/International\/wp-json\/wp\/v2\/posts\/113455","targetHints":{"allow":["GET"]}}],"collection":[{"href":"https:\/\/linitiative.ca\/International\/wp-json\/wp\/v2\/posts"}],"about":[{"href":"https:\/\/linitiative.ca\/International\/wp-json\/wp\/v2\/types\/post"}],"author":[{"embeddable":true,"href":"https:\/\/linitiative.ca\/International\/wp-json\/wp\/v2\/users\/1738"}],"replies":[{"embeddable":true,"href":"https:\/\/linitiative.ca\/International\/wp-json\/wp\/v2\/comments?post=113455"}],"version-history":[{"count":0,"href":"https:\/\/linitiative.ca\/International\/wp-json\/wp\/v2\/posts\/113455\/revisions"}],"wp:attachment":[{"href":"https:\/\/linitiative.ca\/International\/wp-json\/wp\/v2\/media?parent=113455"}],"wp:term":[{"taxonomy":"category","embeddable":true,"href":"https:\/\/linitiative.ca\/International\/wp-json\/wp\/v2\/categories?post=113455"},{"taxonomy":"post_tag","embeddable":true,"href":"https:\/\/linitiative.ca\/International\/wp-json\/wp\/v2\/tags?post=113455"}],"curies":[{"name":"wp","href":"https:\/\/api.w.org\/{rel}","templated":true}]}}