{"id":113456,"date":"2021-03-21T15:14:18","date_gmt":"2021-03-21T19:14:18","guid":{"rendered":"https:\/\/linitiative.ca\/International\/equipe-dalgerie-en-belmadi-convoque-28-joueurs-pour-les-deux-matchs-face-a-la-zambie-et-le-botswana\/"},"modified":"2021-03-21T15:14:18","modified_gmt":"2021-03-21T19:14:18","slug":"equipe-dalgerie-en-belmadi-convoque-28-joueurs-pour-les-deux-matchs-face-a-la-zambie-et-le-botswana","status":"publish","type":"post","link":"https:\/\/linitiative.ca\/International\/equipe-dalgerie-en-belmadi-convoque-28-joueurs-pour-les-deux-matchs-face-a-la-zambie-et-le-botswana\/","title":{"rendered":"Equipe d&rsquo;Alg\u00e9rie : EN: Belmadi convoque 28 joueurs pour les deux matchs face \u00e0 la Zambie et le Botswana"},"content":{"rendered":"<div readability=\"32\">\n<p>Auteur : <span>Riad O.<\/span> <span class=\"time\">dimanche 21 mars 2021 15:26<\/span><\/p>\n<\/div>\n<div id=\"post_core\" readability=\"66\">\n<p>Le s\u00e9lectionneur national, Djamel Belmadi a convoqu\u00e9 28 joueurs pour les deux prochains matchs des Verts face \u00e0 la Zambie et le Botswana\u2026<\/p>\n<p>Ra\u00efs M&rsquo;Bolhi, Alexandre Oukidja, Azzedine Doukha, Mehdi Zeffane, Ayoub Abdellaoui, A\u00efssa Mandi, Mehdi Tahrat, Djamel Benlamri, Ramy Bensebaini, Houcine Benayada, Abdelkader Bedrane, Ahmed Touba, Naoufel Khacef, Adl\u00e8ne Guedioura, Mehdi Abeid, Ramiz Zerrouki, Isma\u00ebl Bennacer, Haris Belkebla, Farid Boulaya, Riyad Mahrez, Rachid Ghezzal, Sofiane Feghouli, Youcef Bela\u00efli, Sa\u00efd Benrahma, El Arbi Hillel Soudani, Oussama Darfalou, Baghdad Bounedjah, Islam Slimani<\/p>\n<p><strong>Publi\u00e9 dans :<\/strong> <span>Belmadi<\/span><\/p>\n<\/div>\n<p>Auteur:<br \/>\n<a href=\"http:\/\/www.lebuteur.com\/article\/detail?titre=en-belmadi-convoque-28-joueurs-pour-les-deux-matchs-face-a-la-zambie-et-le-botswana&#038;id=99471&#038;utm_source=feedburner&#038;utm_medium=feed&#038;utm_campaign=Feed%3A+GalerieFArtciles+%28Les+derniers+articles++-+lebuteur.com%29\">Cliquez ici pour lire l&rsquo;article depuis sa source.<\/a><\/p>\n","protected":false},"excerpt":{"rendered":"<p>Auteur : Riad O. dimanche 21 mars 2021 15:26 Le s\u00e9lectionneur national, Djamel Belmadi a convoqu\u00e9 28 joueurs pour les deux prochains matchs des Verts face \u00e0 la Zambie et le Botswana\u2026 Ra\u00efs M&rsquo;Bolhi, Alexandre Oukidja, Azzedine Doukha, Mehdi Zeffane, Ayoub Abdellaoui, A\u00efssa Mandi, Mehdi Tahrat, Djamel Benlamri, Ramy Bensebaini, Houcine Benayada, Abdelkader Bedrane, Ahmed [&hellip;]<\/p>\n","protected":false},"author":1738,"featured_media":0,"comment_status":"closed","ping_status":"closed","sticky":false,"template":"","format":"standard","meta":{"fifu_image_url":"\/\/cdn.lebuteur.com\/data\/images\/article\/thumbs\/large-en-belmadi-convoque-28-joueurs-pour-les-deux-matchs-face-a-la-zambie-et-le-botswana-0401d.jpg","fifu_image_alt":"Equipe d'Alg\u00e9rie : EN: Belmadi convoque 28 joueurs pour les deux matchs face \u00e0 la Zambie et le Botswana","footnotes":""},"categories":[53,75],"tags":[],"class_list":["post-113456","post","type-post","status-publish","format-standard","hentry","category-algerie","category-sport"],"_links":{"self":[{"href":"https:\/\/linitiative.ca\/International\/wp-json\/wp\/v2\/posts\/113456","targetHints":{"allow":["GET"]}}],"collection":[{"href":"https:\/\/linitiative.ca\/International\/wp-json\/wp\/v2\/posts"}],"about":[{"href":"https:\/\/linitiative.ca\/International\/wp-json\/wp\/v2\/types\/post"}],"author":[{"embeddable":true,"href":"https:\/\/linitiative.ca\/International\/wp-json\/wp\/v2\/users\/1738"}],"replies":[{"embeddable":true,"href":"https:\/\/linitiative.ca\/International\/wp-json\/wp\/v2\/comments?post=113456"}],"version-history":[{"count":0,"href":"https:\/\/linitiative.ca\/International\/wp-json\/wp\/v2\/posts\/113456\/revisions"}],"wp:attachment":[{"href":"https:\/\/linitiative.ca\/International\/wp-json\/wp\/v2\/media?parent=113456"}],"wp:term":[{"taxonomy":"category","embeddable":true,"href":"https:\/\/linitiative.ca\/International\/wp-json\/wp\/v2\/categories?post=113456"},{"taxonomy":"post_tag","embeddable":true,"href":"https:\/\/linitiative.ca\/International\/wp-json\/wp\/v2\/tags?post=113456"}],"curies":[{"name":"wp","href":"https:\/\/api.w.org\/{rel}","templated":true}]}}