{"id":113463,"date":"2021-03-21T06:00:00","date_gmt":"2021-03-21T10:00:00","guid":{"rendered":"https:\/\/linitiative.ca\/International\/effort-necessaire\/"},"modified":"2021-03-21T06:00:00","modified_gmt":"2021-03-21T10:00:00","slug":"effort-necessaire","status":"publish","type":"post","link":"https:\/\/linitiative.ca\/International\/effort-necessaire\/","title":{"rendered":"Effort n\u00e9cessaire"},"content":{"rendered":"<p class=\"c3\">Le minist\u00e8re du Travail, de l\u2019Emploi et de la S\u00e9curit\u00e9 sociale lance un grand projet qui consiste \u00e0 \u00e9quiper son immense si\u00e8ge national, mais aussi l\u2019ensemble des directions de wilaya et des structures qui lui sont affili\u00e9es, par un \u00e9quipement informatique ad\u00e9quat. Il s\u2019agit l\u00e0, sans doute, d\u2019un effort n\u00e9cessaire pour adapter ce lourd d\u00e9partement aux exigences de la num\u00e9risation, incontournable pour la modernisation du secteur.<\/p>\n<p>Auteur:<br \/>\n<a href=\"https:\/\/www.lesoirdalgerie.com\/periscoop\/effort-necessaire-58209\">Cliquez ici pour lire l&rsquo;article depuis sa source.<\/a><\/p>\n","protected":false},"excerpt":{"rendered":"<p>Le minist\u00e8re du Travail, de l\u2019Emploi et de la S\u00e9curit\u00e9 sociale lance un grand projet qui consiste \u00e0 \u00e9quiper son immense si\u00e8ge national, mais aussi l\u2019ensemble des directions de wilaya et des structures qui lui sont affili\u00e9es, par un \u00e9quipement informatique ad\u00e9quat. Il s\u2019agit l\u00e0, sans doute, d\u2019un effort n\u00e9cessaire pour adapter ce lourd d\u00e9partement [&hellip;]<\/p>\n","protected":false},"author":1741,"featured_media":0,"comment_status":"closed","ping_status":"closed","sticky":false,"template":"","format":"standard","meta":{"fifu_image_url":"","fifu_image_alt":"","footnotes":""},"categories":[73,53],"tags":[],"class_list":["post-113463","post","type-post","status-publish","format-standard","hentry","category-actualite","category-algerie"],"_links":{"self":[{"href":"https:\/\/linitiative.ca\/International\/wp-json\/wp\/v2\/posts\/113463","targetHints":{"allow":["GET"]}}],"collection":[{"href":"https:\/\/linitiative.ca\/International\/wp-json\/wp\/v2\/posts"}],"about":[{"href":"https:\/\/linitiative.ca\/International\/wp-json\/wp\/v2\/types\/post"}],"author":[{"embeddable":true,"href":"https:\/\/linitiative.ca\/International\/wp-json\/wp\/v2\/users\/1741"}],"replies":[{"embeddable":true,"href":"https:\/\/linitiative.ca\/International\/wp-json\/wp\/v2\/comments?post=113463"}],"version-history":[{"count":0,"href":"https:\/\/linitiative.ca\/International\/wp-json\/wp\/v2\/posts\/113463\/revisions"}],"wp:attachment":[{"href":"https:\/\/linitiative.ca\/International\/wp-json\/wp\/v2\/media?parent=113463"}],"wp:term":[{"taxonomy":"category","embeddable":true,"href":"https:\/\/linitiative.ca\/International\/wp-json\/wp\/v2\/categories?post=113463"},{"taxonomy":"post_tag","embeddable":true,"href":"https:\/\/linitiative.ca\/International\/wp-json\/wp\/v2\/tags?post=113463"}],"curies":[{"name":"wp","href":"https:\/\/api.w.org\/{rel}","templated":true}]}}