{"id":113464,"date":"2021-03-21T06:00:00","date_gmt":"2021-03-21T10:00:00","guid":{"rendered":"https:\/\/linitiative.ca\/International\/proche-ouverture\/"},"modified":"2021-03-21T06:00:00","modified_gmt":"2021-03-21T10:00:00","slug":"proche-ouverture","status":"publish","type":"post","link":"https:\/\/linitiative.ca\/International\/proche-ouverture\/","title":{"rendered":"Proche ouverture ?"},"content":{"rendered":"<p class=\"c3\">La R\u00e9sidence d\u2019\u00c9tat du Sahel Club-des-Pins met le paquet pour l\u2019acquisition d\u2019\u00e9quipements d\u2019ameublement et d\u2019\u00e9lectrom\u00e9nager.<br \/>\u00c0 en croire des sources fiables, cela pourrait \u00eatre un signe d\u2019une ouverture imminente de la nouvelle r\u00e9sidence construite \u00e0 proximit\u00e9 du Centre international des conf\u00e9rences Abdelatif-Rahal, demeur\u00e9e inexploit\u00e9e \u00e0 nos jours, des ann\u00e9es apr\u00e8s avoir \u00e9t\u00e9 enti\u00e8rement finalis\u00e9e, pourtant.<\/p>\n<p>Auteur:<br \/>\n<a href=\"https:\/\/www.lesoirdalgerie.com\/periscoop\/proche-ouverture-58208\">Cliquez ici pour lire l&rsquo;article depuis sa source.<\/a><\/p>\n","protected":false},"excerpt":{"rendered":"<p>La R\u00e9sidence d\u2019\u00c9tat du Sahel Club-des-Pins met le paquet pour l\u2019acquisition d\u2019\u00e9quipements d\u2019ameublement et d\u2019\u00e9lectrom\u00e9nager.\u00c0 en croire des sources fiables, cela pourrait \u00eatre un signe d\u2019une ouverture imminente de la nouvelle r\u00e9sidence construite \u00e0 proximit\u00e9 du Centre international des conf\u00e9rences Abdelatif-Rahal, demeur\u00e9e inexploit\u00e9e \u00e0 nos jours, des ann\u00e9es apr\u00e8s avoir \u00e9t\u00e9 enti\u00e8rement finalis\u00e9e, pourtant. Auteur: [&hellip;]<\/p>\n","protected":false},"author":1741,"featured_media":0,"comment_status":"closed","ping_status":"closed","sticky":false,"template":"","format":"standard","meta":{"fifu_image_url":"","fifu_image_alt":"","footnotes":""},"categories":[73,53],"tags":[],"class_list":["post-113464","post","type-post","status-publish","format-standard","hentry","category-actualite","category-algerie"],"_links":{"self":[{"href":"https:\/\/linitiative.ca\/International\/wp-json\/wp\/v2\/posts\/113464","targetHints":{"allow":["GET"]}}],"collection":[{"href":"https:\/\/linitiative.ca\/International\/wp-json\/wp\/v2\/posts"}],"about":[{"href":"https:\/\/linitiative.ca\/International\/wp-json\/wp\/v2\/types\/post"}],"author":[{"embeddable":true,"href":"https:\/\/linitiative.ca\/International\/wp-json\/wp\/v2\/users\/1741"}],"replies":[{"embeddable":true,"href":"https:\/\/linitiative.ca\/International\/wp-json\/wp\/v2\/comments?post=113464"}],"version-history":[{"count":0,"href":"https:\/\/linitiative.ca\/International\/wp-json\/wp\/v2\/posts\/113464\/revisions"}],"wp:attachment":[{"href":"https:\/\/linitiative.ca\/International\/wp-json\/wp\/v2\/media?parent=113464"}],"wp:term":[{"taxonomy":"category","embeddable":true,"href":"https:\/\/linitiative.ca\/International\/wp-json\/wp\/v2\/categories?post=113464"},{"taxonomy":"post_tag","embeddable":true,"href":"https:\/\/linitiative.ca\/International\/wp-json\/wp\/v2\/tags?post=113464"}],"curies":[{"name":"wp","href":"https:\/\/api.w.org\/{rel}","templated":true}]}}