{"id":113465,"date":"2021-03-21T06:00:00","date_gmt":"2021-03-21T10:00:00","guid":{"rendered":"https:\/\/linitiative.ca\/International\/vaccin-ou-immunite-collective\/"},"modified":"2021-03-21T06:00:00","modified_gmt":"2021-03-21T10:00:00","slug":"vaccin-ou-immunite-collective","status":"publish","type":"post","link":"https:\/\/linitiative.ca\/International\/vaccin-ou-immunite-collective\/","title":{"rendered":"Vaccin ou immunit\u00e9 collective ?"},"content":{"rendered":"<p class=\"c3\">L\u2019immunit\u00e9 collective dont la rue d\u00e9fend les bienfaits serait-elle la solution privil\u00e9gi\u00e9e et la seule \u00e0 recommander ? Pourquoi serait-elle possible dans une contr\u00e9e et pas dans une autre ? De quoi cette forme de protection d\u00e9pendrait-elle ? Du climat ? De la<br \/>r\u00e9gion ? On parle, en Europe, de nouvelles formes graves tandis que l\u2019on y va plut\u00f4t mollo chez nous,\u00a0 o\u00f9 l\u2019on ne peut pas dire que l\u2019on mette le turbo pour \u00e9viter \u00e0 la situation sanitaire de s\u2019aggraver. Pourquoi ne nous explique-t-on pas les raisons qui font la diff\u00e9rence ? Comment le virus peut-il progresser ailleurs et pas chez<br \/>nous ? Beaucoup y croient et sont convaincus qu\u2019il n\u2019y a pas d\u2019autre solution. Puisque la prise en charge n\u2019est pas \u00e0 la hauteur du danger, pourquoi ne pas tenter d\u2019an\u00e9antir le virus ? La th\u00e8se selon laquelle le mieux \u00e0 faire serait de s\u2019assurer une immunit\u00e9 en prenant le risque de se contaminer collectivement\u00a0 court de plus en plus et les gens en parlent m\u00eame tr\u00e8s s\u00e9rieusement ! \u00c0 coups d\u2019arguments d\u00e9routants auxquels on aurait presque envie de s\u2019accrocher ! De quelle particularit\u00e9 physiologique auraient h\u00e9rit\u00e9 les Alg\u00e9riens pour se permettre de narguer aussi sournoisement la pand\u00e9mie ? Pour prendre \u00e0 la l\u00e9g\u00e8re le virus, les variants et la mort qu\u2019ils s\u00e8ment sur leur<br \/>passage ? Quand des Europ\u00e9ens, Am\u00e9ricains et Asiatiques, pour ne citer qu\u2019eux, se mobilisent pour barrer la route au mal qui occupe l\u2019attention de la plan\u00e8te tout enti\u00e8re, chez nous, on se rel\u00e2che. Pourquoi ne nous dit-on pas o\u00f9 en est la vaccination et combien de doses ont \u00e9t\u00e9 import\u00e9es ? Combien de personnes et lesquelles ont \u00e9t\u00e9 vaccin\u00e9es ? Le silence \u00e9loquent donne un aper\u00e7u de la difficult\u00e9 que l\u2019Alg\u00e9rie d\u2019en haut peine \u00e0 dialoguer avec l\u2019Alg\u00e9rie d\u2019en bas. Un silence qui accentue le ressentiment d\u2019une opinion publique en mal d\u2019informations cr\u00e9dibles.\u00a0\u00a0<br \/>Des sp\u00e9cialistes pointilleux et qui ne cautionnent pas les bilans officiels confirment, cependant, que le mal a l\u00e9g\u00e8rement recul\u00e9. Mais ils ne savent pas \u00e0 quoi nous devons cette accalmie et combien elle durera avant que cela ne reparte de plus belle. En attendant, les variants, eux, se diversifient et ne regardent pas aux d\u00e9g\u00e2ts.<br \/><em><strong>M. B.<\/strong><\/em><\/p>\n<p>Auteur:<br \/>\n<a href=\"https:\/\/www.lesoirdalgerie.com\/soit-dit-en-passant\/vaccin-ou-immunite-collective-58207\">Cliquez ici pour lire l&rsquo;article depuis sa source.<\/a><\/p>\n","protected":false},"excerpt":{"rendered":"<p>L\u2019immunit\u00e9 collective dont la rue d\u00e9fend les bienfaits serait-elle la solution privil\u00e9gi\u00e9e et la seule \u00e0 recommander ? Pourquoi serait-elle possible dans une contr\u00e9e et pas dans une autre ? De quoi cette forme de protection d\u00e9pendrait-elle ? Du climat ? De lar\u00e9gion ? On parle, en Europe, de nouvelles formes graves tandis que l\u2019on [&hellip;]<\/p>\n","protected":false},"author":1741,"featured_media":0,"comment_status":"closed","ping_status":"closed","sticky":false,"template":"","format":"standard","meta":{"fifu_image_url":"","fifu_image_alt":"","footnotes":""},"categories":[73,53],"tags":[],"class_list":["post-113465","post","type-post","status-publish","format-standard","hentry","category-actualite","category-algerie"],"_links":{"self":[{"href":"https:\/\/linitiative.ca\/International\/wp-json\/wp\/v2\/posts\/113465","targetHints":{"allow":["GET"]}}],"collection":[{"href":"https:\/\/linitiative.ca\/International\/wp-json\/wp\/v2\/posts"}],"about":[{"href":"https:\/\/linitiative.ca\/International\/wp-json\/wp\/v2\/types\/post"}],"author":[{"embeddable":true,"href":"https:\/\/linitiative.ca\/International\/wp-json\/wp\/v2\/users\/1741"}],"replies":[{"embeddable":true,"href":"https:\/\/linitiative.ca\/International\/wp-json\/wp\/v2\/comments?post=113465"}],"version-history":[{"count":0,"href":"https:\/\/linitiative.ca\/International\/wp-json\/wp\/v2\/posts\/113465\/revisions"}],"wp:attachment":[{"href":"https:\/\/linitiative.ca\/International\/wp-json\/wp\/v2\/media?parent=113465"}],"wp:term":[{"taxonomy":"category","embeddable":true,"href":"https:\/\/linitiative.ca\/International\/wp-json\/wp\/v2\/categories?post=113465"},{"taxonomy":"post_tag","embeddable":true,"href":"https:\/\/linitiative.ca\/International\/wp-json\/wp\/v2\/tags?post=113465"}],"curies":[{"name":"wp","href":"https:\/\/api.w.org\/{rel}","templated":true}]}}