{"id":113466,"date":"2021-03-21T06:00:00","date_gmt":"2021-03-21T10:00:00","guid":{"rendered":"https:\/\/linitiative.ca\/International\/pour-la-patrie\/"},"modified":"2021-03-21T06:00:00","modified_gmt":"2021-03-21T10:00:00","slug":"pour-la-patrie","status":"publish","type":"post","link":"https:\/\/linitiative.ca\/International\/pour-la-patrie\/","title":{"rendered":"Pour la patrie !"},"content":{"rendered":"<p class=\"c3\">Quand on revoit les dictatures, les r\u00e9gimes qui confisquent les libert\u00e9s des citoyens, les syst\u00e8mes bas\u00e9s sur la fraude, l&rsquo;autoritarisme et la r\u00e9pression, on s\u2019aper\u00e7oit qu&rsquo;ils tra\u00eenent toujours des faire-valoir post\u00e9s dans les appareils de propagande, m\u00eame si ceux-l\u00e0 sont grossiers et caricaturaux. Et quand ces r\u00e9gimes sont enfin amen\u00e9s \u00e0 rendre des comptes pour l&rsquo;Histoire et la morale, eh bien, souvent ces derniers te disent on a fait \u00e7a pour la patrie, pour le pays, pour&#8230; Les nazis \u00e0 Nuremberg l&rsquo;ont dit. Les Chiliens de Pinochet l&rsquo;ont dit aussi. Les colonialistes l&rsquo;ont dit aussi.\u00a0<br \/><em><strong>A. T.<\/strong><\/em><\/p>\n<p>Auteur:<br \/>\n<a href=\"https:\/\/www.lesoirdalgerie.com\/digoutage\/pour-la-patrie-58206\">Cliquez ici pour lire l&rsquo;article depuis sa source.<\/a><\/p>\n","protected":false},"excerpt":{"rendered":"<p>Quand on revoit les dictatures, les r\u00e9gimes qui confisquent les libert\u00e9s des citoyens, les syst\u00e8mes bas\u00e9s sur la fraude, l&rsquo;autoritarisme et la r\u00e9pression, on s\u2019aper\u00e7oit qu&rsquo;ils tra\u00eenent toujours des faire-valoir post\u00e9s dans les appareils de propagande, m\u00eame si ceux-l\u00e0 sont grossiers et caricaturaux. Et quand ces r\u00e9gimes sont enfin amen\u00e9s \u00e0 rendre des comptes pour [&hellip;]<\/p>\n","protected":false},"author":1741,"featured_media":0,"comment_status":"closed","ping_status":"closed","sticky":false,"template":"","format":"standard","meta":{"fifu_image_url":"","fifu_image_alt":"","footnotes":""},"categories":[73,53],"tags":[],"class_list":["post-113466","post","type-post","status-publish","format-standard","hentry","category-actualite","category-algerie"],"_links":{"self":[{"href":"https:\/\/linitiative.ca\/International\/wp-json\/wp\/v2\/posts\/113466","targetHints":{"allow":["GET"]}}],"collection":[{"href":"https:\/\/linitiative.ca\/International\/wp-json\/wp\/v2\/posts"}],"about":[{"href":"https:\/\/linitiative.ca\/International\/wp-json\/wp\/v2\/types\/post"}],"author":[{"embeddable":true,"href":"https:\/\/linitiative.ca\/International\/wp-json\/wp\/v2\/users\/1741"}],"replies":[{"embeddable":true,"href":"https:\/\/linitiative.ca\/International\/wp-json\/wp\/v2\/comments?post=113466"}],"version-history":[{"count":0,"href":"https:\/\/linitiative.ca\/International\/wp-json\/wp\/v2\/posts\/113466\/revisions"}],"wp:attachment":[{"href":"https:\/\/linitiative.ca\/International\/wp-json\/wp\/v2\/media?parent=113466"}],"wp:term":[{"taxonomy":"category","embeddable":true,"href":"https:\/\/linitiative.ca\/International\/wp-json\/wp\/v2\/categories?post=113466"},{"taxonomy":"post_tag","embeddable":true,"href":"https:\/\/linitiative.ca\/International\/wp-json\/wp\/v2\/tags?post=113466"}],"curies":[{"name":"wp","href":"https:\/\/api.w.org\/{rel}","templated":true}]}}