{"id":113471,"date":"2021-03-21T11:30:00","date_gmt":"2021-03-21T15:30:00","guid":{"rendered":"https:\/\/linitiative.ca\/International\/50-femmes-qui-comptent-fatine-kabbaj-head-of-marketing-communications-du-groupe-auto-hall\/"},"modified":"2021-03-21T11:30:00","modified_gmt":"2021-03-21T15:30:00","slug":"50-femmes-qui-comptent-fatine-kabbaj-head-of-marketing-communications-du-groupe-auto-hall","status":"publish","type":"post","link":"https:\/\/linitiative.ca\/International\/50-femmes-qui-comptent-fatine-kabbaj-head-of-marketing-communications-du-groupe-auto-hall\/","title":{"rendered":"50 femmes qui comptent : Fatine Kabbaj, Head Of Marketing Communications du groupe AUTO HALL"},"content":{"rendered":"<p><strong>Pour nous, il ne s\u2019agit pas de c\u00e9l\u00e9brer la journ\u00e9e de la femme, comme un cadeau annuel fait \u00e0 la gent f\u00e9minine. C\u2019est plut\u00f4t l\u2019occasion de faire le point sur un combat essentiel, celui de l\u2019\u00e9mancipation de la moiti\u00e9 de la population et l\u2019\u00e9valuation de son apport aux transformations sociales, ce que l\u2019on appelle commun\u00e9ment d\u00e9veloppement et qui ne se r\u00e9sume pas aux quantifications \u00e9conomiques. Pour cela, nous avons choisi de mettre en avant un riche panel, \u00e0 travers\u00a0ces portraits repr\u00e9sentatifs de cette g\u00e9n\u00e9ration de femmes qui s\u2019assument.<\/strong>\u00a0<strong>Un portrait \u00e0 d\u00e9couvrir<\/strong>\u00a0:\u00a0<strong>Fatine Kabbaj, Marketing et communication Nissan DFSK- Groupe Auto Hall.<\/strong><\/p>\n<div class=\"c10\">\n<\/div>\n<p>Se consacrer \u00e0 l\u2019automobile et \u00e0 son environnement, qui plus est, chez un op\u00e9rateur de premier plan dans le Royaume comme Auto Hall, tel est le leitmotiv quotidien auquel s\u2019adonne avec passion et professionnalisme Fatine Kabbaj. Baccalaur\u00e9at en administration des affaires en poche, elle int\u00e8gre courant 2005 la prestigieuse universit\u00e9 d\u2019enseignement sup\u00e9rieur et de recherche scientifique anglophone Al Akhawayn \u00e0 Ifrane.<\/p>\n<p><strong>Lire aussi |<\/strong><a class=\"\" href=\"https:\/\/www.challenge.ma\/laila-slassi-dans-le-lobbying-aux-etats-unis-178866\/\"><strong>La\u00efla Slassi dans le lobbying aux Etats-Unis<\/strong><\/a><\/p>\n<p>Elle y d\u00e9croche un\u00a0 Bachelor of Business Administration et parach\u00e8ve son cycle de formation au sein d\u2019une grande \u00e9cole de commerce fran\u00e7aise, \u00e0 savoir Neoma Business School de 2011 \u00e0 2012. Un cursus universitaire de belle facture, qui lui permettra de faire ses premi\u00e8res armes dans le monde de l\u2019automobile en tant que chef de projet \u00e0 Auto Hall et de creuser son sillon au sein du Groupe, d\u2019abord au sein de la cellule marketing et communication puis en tant que responsable de cette derni\u00e8re depuis 2015. Un environnement, celui de l\u2019automobile, dans lequel elle s\u2019\u00e9panouit pleinement en tant que femme. \u00abIl est ind\u00e9niable aujourd\u2019hui, que l\u2019\u00e9mancipation de la femme dans le domaine du travail, l\u2019\u00e9galit\u00e9 des chances \u00e9conomiques et l\u2019\u00e9quit\u00e9 devant la loi ne sont pas seulement une politique sociale moderne, mais une politique \u00e9conomique avis\u00e9e\u00bb.<\/p>\n<p><strong>Lire aussi |\u00a0<a href=\"https:\/\/www.challenge.ma\/barometre-africaleads-2021-le-maroc-a-toujours-la-cote-aupres-des-leaders-dopinions-africains-178850\/\">Barom\u00e8tre Africaleads 2021 : le Maroc a toujours la cote aupr\u00e8s des leaders d\u2019opinions africains<\/a><\/strong><\/p>\n<p>Et Fatine Kabbaj d\u2019ajouter : \u00ables femmes cadres, dirigeantes et businesswomen sont l\u00e0 et elles s\u2019affirment dans le monde professionnel, mais ce n\u2019est pas encore suffisant. Donc, oui le bilan est positif pour moi, mais Le Maroc peut faire mieux\u00bb.<\/p>\n<figure class=\"wp-block-image size-large\"><img decoding=\"async\" loading=\"lazy\" width=\"798\" height=\"1024\" src=\"https:\/\/www.challenge.ma\/wp-content\/uploads\/2021\/03\/Challenge-780-special-8-mars-798x1024.jpg\" alt=\"\" class=\"wp-image-177090\" srcset=\"https:\/\/www.challenge.ma\/wp-content\/uploads\/2021\/03\/Challenge-780-special-8-mars-798x1024.jpg 798w, https:\/\/www.challenge.ma\/wp-content\/uploads\/2021\/03\/Challenge-780-special-8-mars-234x300.jpg 234w, https:\/\/www.challenge.ma\/wp-content\/uploads\/2021\/03\/Challenge-780-special-8-mars-768x986.jpg 768w, https:\/\/www.challenge.ma\/wp-content\/uploads\/2021\/03\/Challenge-780-special-8-mars-360x462.jpg 360w, https:\/\/www.challenge.ma\/wp-content\/uploads\/2021\/03\/Challenge-780-special-8-mars-750x962.jpg 750w, https:\/\/www.challenge.ma\/wp-content\/uploads\/2021\/03\/Challenge-780-special-8-mars.jpg 1013w\" sizes=\"auto, (max-width: 798px) 100vw, 798px\"\/><\/figure>\n<p>Auteur: challenge<br \/>\n<a href=\"https:\/\/www.challenge.ma\/50-femmes-qui-comptent-fatine-kabbaj-marketing-et-communication-nissan-dfsk-groupe-auto-hall-178095\/\">Cliquez ici pour lire l&rsquo;article depuis sa source.<\/a><\/p>\n","protected":false},"excerpt":{"rendered":"<p>Pour nous, il ne s\u2019agit pas de c\u00e9l\u00e9brer la journ\u00e9e de la femme, comme un cadeau annuel fait \u00e0 la gent f\u00e9minine. C\u2019est plut\u00f4t l\u2019occasion de faire le point sur un combat essentiel, celui de l\u2019\u00e9mancipation de la moiti\u00e9 de la population et l\u2019\u00e9valuation de son apport aux transformations sociales, ce que l\u2019on appelle commun\u00e9ment [&hellip;]<\/p>\n","protected":false},"author":1787,"featured_media":0,"comment_status":"closed","ping_status":"closed","sticky":false,"template":"","format":"standard","meta":{"fifu_image_url":"https:\/\/www.challenge.ma\/wp-content\/uploads\/2021\/03\/Challenge-780-special-8-mars-798x1024.jpg","fifu_image_alt":"50 femmes qui comptent : Fatine Kabbaj, Head Of Marketing Communications du groupe AUTO HALL","footnotes":""},"categories":[78,54],"tags":[],"class_list":["post-113471","post","type-post","status-publish","format-standard","hentry","category-economie","category-maroc"],"_links":{"self":[{"href":"https:\/\/linitiative.ca\/International\/wp-json\/wp\/v2\/posts\/113471","targetHints":{"allow":["GET"]}}],"collection":[{"href":"https:\/\/linitiative.ca\/International\/wp-json\/wp\/v2\/posts"}],"about":[{"href":"https:\/\/linitiative.ca\/International\/wp-json\/wp\/v2\/types\/post"}],"author":[{"embeddable":true,"href":"https:\/\/linitiative.ca\/International\/wp-json\/wp\/v2\/users\/1787"}],"replies":[{"embeddable":true,"href":"https:\/\/linitiative.ca\/International\/wp-json\/wp\/v2\/comments?post=113471"}],"version-history":[{"count":0,"href":"https:\/\/linitiative.ca\/International\/wp-json\/wp\/v2\/posts\/113471\/revisions"}],"wp:attachment":[{"href":"https:\/\/linitiative.ca\/International\/wp-json\/wp\/v2\/media?parent=113471"}],"wp:term":[{"taxonomy":"category","embeddable":true,"href":"https:\/\/linitiative.ca\/International\/wp-json\/wp\/v2\/categories?post=113471"},{"taxonomy":"post_tag","embeddable":true,"href":"https:\/\/linitiative.ca\/International\/wp-json\/wp\/v2\/tags?post=113471"}],"curies":[{"name":"wp","href":"https:\/\/api.w.org\/{rel}","templated":true}]}}