{"id":113479,"date":"2021-03-21T16:28:22","date_gmt":"2021-03-21T20:28:22","guid":{"rendered":"https:\/\/linitiative.ca\/International\/reconciliation-nationale-des-leaders-politiques-donnent-lexemple\/"},"modified":"2021-03-21T16:28:22","modified_gmt":"2021-03-21T20:28:22","slug":"reconciliation-nationale-des-leaders-politiques-donnent-lexemple","status":"publish","type":"post","link":"https:\/\/linitiative.ca\/International\/reconciliation-nationale-des-leaders-politiques-donnent-lexemple\/","title":{"rendered":"R\u00e9conciliation nationale  : des leaders politiques donnent l\u2019exemple"},"content":{"rendered":"<div class=\"td-post-featured-image\"><a href=\"https:\/\/www.sidwaya.info\/wp-content\/uploads\/2021\/03\/1-32.jpg\" data-caption=\"\"><img loading=\"lazy\" decoding=\"async\" width=\"595\" height=\"446\" class=\"entry-thumb td-modal-image\" src=\"https:\/\/www.sidwaya.info\/wp-content\/uploads\/2021\/03\/1-32.jpg\" srcset=\"https:\/\/www.sidwaya.info\/wp-content\/uploads\/2021\/03\/1-32.jpg 595w, https:\/\/www.sidwaya.info\/wp-content\/uploads\/2021\/03\/1-32-300x225.jpg 300w, https:\/\/www.sidwaya.info\/wp-content\/uploads\/2021\/03\/1-32-150x112.jpg 150w, https:\/\/www.sidwaya.info\/wp-content\/uploads\/2021\/03\/1-32-560x420.jpg 560w, https:\/\/www.sidwaya.info\/wp-content\/uploads\/2021\/03\/1-32-80x60.jpg 80w, https:\/\/www.sidwaya.info\/wp-content\/uploads\/2021\/03\/1-32-265x198.jpg 265w\" sizes=\"auto, (max-width: 595px) 100vw, 595px\" alt=\"\" title=\"1\"\/><\/a><\/div>\n<p><strong>Le Comit\u00e9 de r\u00e9flexion et d\u2019action pour la r\u00e9conciliation et la paix (CRARP), r\u00e9cemment port\u00e9 sur les fonts baptismaux, a organis\u00e9, le samedi 20 mars 2021, \u00e0 Ouagadougou, une conf\u00e9rence de presse pour d\u00e9cliner ses objectifs et activit\u00e9s \u00e0 venir.<\/strong><\/p>\n<p>Farouchement oppos\u00e9s sur la modification de l\u2019article 37 de la Constitution burkinab\u00e8 jusqu\u2019\u00e0 l\u2019insurrection populaire de 2014, Alpha Yago (CDP), Moussa Zerbo (UPC) et Herv\u00e9 Ouattara (CAR) notamment, viennent de cr\u00e9er le Comit\u00e9 de r\u00e9flexion et d\u2019action pour la r\u00e9conciliation et la paix (CRARP) avec pour credo\u00a0: \u00ab\u00a0la r\u00e9conciliation par l\u2019exemple\u00a0\u00bb. Ils ont anim\u00e9 une conf\u00e9rence de presse, le samedi 20 mars 2021 \u00e0 Ouagadougou, pour pr\u00e9senter les objectifs de leur structure et ses activit\u00e9s \u00e0 venir. \u00ab\u00a0Nous avons mis un point d\u2019honneur pour l\u2019implication de citoyens venus de divers horizons\u2026 .Ici, nous nous sommes d\u00e9j\u00e0 r\u00e9concili\u00e9s \u00bb, a signifi\u00e9 Alpha Yago, membre de la coordination du comit\u00e9. Et Herv\u00e9 Ouattara de poursuivre que les membres du comit\u00e9 ne sauraient parler de r\u00e9conciliation, s\u2019ils ne sont pas en mesure eux-m\u00eames, de taire leurs divergences dans l\u2019int\u00e9r\u00eat sup\u00e9rieur de la Nation. Le CRARP, ont pr\u00e9cis\u00e9 ses initiateurs, ambitionne de promouvoir la r\u00e9conciliation nationale aupr\u00e8s\u00a0des autorit\u00e9s politiques, coutumi\u00e8res et religieuses et de faire cette promotion \u00e0 travers des activit\u00e9s socioculturelles et sportives, afin de lui donner une assise participative et inclusive.<\/p>\n<p>\u00ab\u00a0Il s\u2019agira d\u2019utiliser la technique de la mobilisation sociale pour faciliter l\u2019appropriation de la r\u00e9conciliation nationale par les populations et notamment chez les jeunes de moins de 35 ans qui constituent 77% de la population\u00a0\u00bb, a expliqu\u00e9 M. Yago. Des rencontres avec les associations des victimes et les autorit\u00e9s, l\u2019organisation d\u2019un cross populaire, d\u2019une caravane, de concerts et de soir\u00e9es humoristiques, sont entre autres activit\u00e9s pr\u00e9vues \u00e0 cet effet. Interrog\u00e9 sur leur vision de la r\u00e9conciliation nationale, Moussa Zerbo a pr\u00e9cis\u00e9 que celle du CRARP est holistique avec en ligne de mire, la v\u00e9rit\u00e9, la justice et la r\u00e9conciliation. \u00ab\u00a0Contrairement \u00e0 ceux qui disent que les Burkinab\u00e8 n\u2019ont pas de probl\u00e8me de r\u00e9conciliation, mais de justice, nous estimons qu\u2019au regard de ce que le pays a travers\u00e9, de son ind\u00e9pendance \u00e0 l\u2019insurrection en passant par les coups d\u2019Etat et la R\u00e9volution, nous devons nous asseoir, nous parler, reconna\u00eetre nos torts et nous pardonner pour aboutir \u00e0 la r\u00e9conciliation\u00a0\u00bb, a-t-il dit. Faut-il une justice classique ou une justice transitionnelle\u00a0? En r\u00e9ponse \u00e0 cette question, Alpha Yago a fait savoir qu\u2019il n\u2019appartient pas au CRARP de prendre parti.<\/p>\n<p>\u00ab\u00a0Il nous revient \u00e0 tous, en tant que Burkinab\u00e8, de trouver une formule qui nous est propre pour nous r\u00e9concilier et prendre un nouveau d\u00e9part\u00a0\u00bb, a-t-il insist\u00e9. Le comit\u00e9 n\u2019est-il pas une association de trop, \u00e9tant donn\u00e9 qu\u2019il existe un minist\u00e8re et le HCRUN\u00a0? Pour ses membres, chaque acteur, dans son domaine, doit contribuer \u00e0 la r\u00e9conciliation nationale. \u00ab\u00a0Chaque structure a un r\u00f4le bien d\u00e9termin\u00e9. Notre finalit\u00e9 est de sensibiliser, d\u2019\u00e9veiller les consciences, de clarifier aupr\u00e8s des populations les concepts et de susciter une adh\u00e9sion massive au processus\u00a0\u00bb, a nuanc\u00e9 Herv\u00e9 Ouattara. Le Comit\u00e9 dit avoir d\u00e9j\u00e0 rencontr\u00e9 le ministre d\u2019Etat aupr\u00e8s du pr\u00e9sident du Faso, charg\u00e9 de la R\u00e9conciliation nationale et de la Coh\u00e9sion sociale, Z\u00e9phirin Diabr\u00e9.<\/p>\n<p class=\"c1\"><strong>Jean-Marie TOE<\/strong><\/p>\n<div class=\"td-a-rec td-a-rec-id-content_bottom tdi_33_c40 td_block_template_1\">\n<p><img loading=\"lazy\" decoding=\"async\" class=\"aligncenter size-full wp-image-27454\" src=\"https:\/\/www.sidwaya.info\/wp-content\/uploads\/2020\/10\/PUB-Bandeau-paiement-mobile-siteweb.jpg\" alt=\"\" width=\"728\" height=\"90\"\/><\/div>\n<p>Auteur: BM. Sidwaya<br \/>\n<a href=\"https:\/\/www.sidwaya.info\/blog\/2021\/03\/21\/reconciliation-nationale-des-leaders-politiques-donnent-lexemple\/\">Cliquez ici pour lire l&rsquo;article depuis sa source.<\/a><\/p>\n","protected":false},"excerpt":{"rendered":"<p>Le Comit\u00e9 de r\u00e9flexion et d\u2019action pour la r\u00e9conciliation et la paix (CRARP), r\u00e9cemment port\u00e9 sur les fonts baptismaux, a organis\u00e9, le samedi 20 mars 2021, \u00e0 Ouagadougou, une conf\u00e9rence de presse pour d\u00e9cliner ses objectifs et activit\u00e9s \u00e0 venir. Farouchement oppos\u00e9s sur la modification de l\u2019article 37 de la Constitution burkinab\u00e8 jusqu\u2019\u00e0 l\u2019insurrection populaire [&hellip;]<\/p>\n","protected":false},"author":1816,"featured_media":0,"comment_status":"closed","ping_status":"closed","sticky":false,"template":"","format":"standard","meta":{"fifu_image_url":"https:\/\/www.sidwaya.info\/wp-content\/uploads\/2021\/03\/1-32.jpg","fifu_image_alt":"R\u00e9conciliation nationale  : des leaders politiques donnent l\u2019exemple","footnotes":""},"categories":[73,81],"tags":[],"class_list":["post-113479","post","type-post","status-publish","format-standard","hentry","category-actualite","category-burkina-faso"],"_links":{"self":[{"href":"https:\/\/linitiative.ca\/International\/wp-json\/wp\/v2\/posts\/113479","targetHints":{"allow":["GET"]}}],"collection":[{"href":"https:\/\/linitiative.ca\/International\/wp-json\/wp\/v2\/posts"}],"about":[{"href":"https:\/\/linitiative.ca\/International\/wp-json\/wp\/v2\/types\/post"}],"author":[{"embeddable":true,"href":"https:\/\/linitiative.ca\/International\/wp-json\/wp\/v2\/users\/1816"}],"replies":[{"embeddable":true,"href":"https:\/\/linitiative.ca\/International\/wp-json\/wp\/v2\/comments?post=113479"}],"version-history":[{"count":0,"href":"https:\/\/linitiative.ca\/International\/wp-json\/wp\/v2\/posts\/113479\/revisions"}],"wp:attachment":[{"href":"https:\/\/linitiative.ca\/International\/wp-json\/wp\/v2\/media?parent=113479"}],"wp:term":[{"taxonomy":"category","embeddable":true,"href":"https:\/\/linitiative.ca\/International\/wp-json\/wp\/v2\/categories?post=113479"},{"taxonomy":"post_tag","embeddable":true,"href":"https:\/\/linitiative.ca\/International\/wp-json\/wp\/v2\/tags?post=113479"}],"curies":[{"name":"wp","href":"https:\/\/api.w.org\/{rel}","templated":true}]}}