{"id":113483,"date":"2021-03-21T05:48:24","date_gmt":"2021-03-21T09:48:24","guid":{"rendered":"https:\/\/linitiative.ca\/International\/cameroun-bientot-un-centre-de-vie-sur-les-corridors-douala-bangui-ndjamena\/"},"modified":"2021-03-21T05:48:24","modified_gmt":"2021-03-21T09:48:24","slug":"cameroun-bientot-un-centre-de-vie-sur-les-corridors-douala-bangui-ndjamena","status":"publish","type":"post","link":"https:\/\/linitiative.ca\/International\/cameroun-bientot-un-centre-de-vie-sur-les-corridors-douala-bangui-ndjamena\/","title":{"rendered":"Cameroun : bient\u00f4t un Centre de vie sur les corridors Douala-Bangui-Ndjamena"},"content":{"rendered":"<div readability=\"32\">\n<p>Publi\u00e9 le 21.03.2021 \u00e0 10h48 par JournalduCameroun.com<\/p>\n<\/div>\n<div readability=\"58\">\n<h2 class=\"c8\">L\u2019infrastructure sera b\u00e2tie \u00e0 Ngoulentang, non loin de la ville d\u2019Ayos pour les transporteurs en route pour la Centrafrique et le Tchad.<\/h2>\n<p class=\"c9\">\u00a0C\u2019est le g\u00e9nie militaire qui va construire le <strong>Centre de vie de Ngoulentang<\/strong>, dans le d\u00e9partement du Nyong-et-Mfoumou, \u00e0 7 km d\u2019Ayos, dans la r\u00e9gion du Centre. C\u2019est espac\u00e9 d\u2019accueil sera b\u00e2ti sur 15 hectares et va comporter un bloc administratif, des chambres modernes, des restaurants, un espace de pri\u00e8re, des toilettes, un forage et un parking pouvant accueillir 160 camions.<\/p>\n<p class=\"c9\">Le projet est financ\u00e9 par le <strong>Conseil national des chargeurs du Cameroun<\/strong> (CNCC) pour les usagers des corridors Douala-Bangui et Douala-Ndjamena. La pose de la premi\u00e8re pierre de ce Centre de vie a \u00e9t\u00e9 r\u00e9alis\u00e9e par le ministre des Transports et le ministre de la D\u00e9fense ce 19 mars \u00e0 Ngoulentang.<\/p>\n<p class=\"c9\">Apr\u00e8s Dibombari, Kousseri, Ngoulentang va ainsi avoir un espace o\u00f9 les transporteurs routiers sur les corridors cit\u00e9s supra pourront poser pied. <em>\u00ab\u00a0Ce projet viens d\u2019abord r\u00e9soudre le probl\u00e8me du d\u00e9sordre urbain. Il y a un aspect social, \u00e9conomique, et int\u00e9rieur aux populations de cette r\u00e9gion. Nous avons souvent le probl\u00e8me d\u2019\u00e9coulement des produits vivriers. C\u2019est un programme national pour les op\u00e9rations de commerce international pour le Cameroun\u00a0\u00bb,<\/em> a expliqu\u00e9 Auguste Mbappe Penda Dg du CNCC. Le prochain centre de vie est annonc\u00e9 sur la ville frontali\u00e8re de Garoua-Boula\u00ef.<\/p>\n<\/div>\n<p>Auteur: journalducameroun<br \/>\n<a href=\"https:\/\/www.journalducameroun.com\/cameroun-bientot-un-centre-de-vie-sur-les-corridors-douala-bangui-ndjamena-cameroun\/\">Cliquez ici pour lire l&rsquo;article depuis sa source.<\/a><\/p>\n","protected":false},"excerpt":{"rendered":"<p>Publi\u00e9 le 21.03.2021 \u00e0 10h48 par JournalduCameroun.com L\u2019infrastructure sera b\u00e2tie \u00e0 Ngoulentang, non loin de la ville d\u2019Ayos pour les transporteurs en route pour la Centrafrique et le Tchad. \u00a0C\u2019est le g\u00e9nie militaire qui va construire le Centre de vie de Ngoulentang, dans le d\u00e9partement du Nyong-et-Mfoumou, \u00e0 7 km d\u2019Ayos, dans la r\u00e9gion du [&hellip;]<\/p>\n","protected":false},"author":1965,"featured_media":0,"comment_status":"closed","ping_status":"closed","sticky":false,"template":"","format":"standard","meta":{"fifu_image_url":"","fifu_image_alt":"","footnotes":""},"categories":[73,82],"tags":[],"class_list":["post-113483","post","type-post","status-publish","format-standard","hentry","category-actualite","category-cameroun"],"_links":{"self":[{"href":"https:\/\/linitiative.ca\/International\/wp-json\/wp\/v2\/posts\/113483","targetHints":{"allow":["GET"]}}],"collection":[{"href":"https:\/\/linitiative.ca\/International\/wp-json\/wp\/v2\/posts"}],"about":[{"href":"https:\/\/linitiative.ca\/International\/wp-json\/wp\/v2\/types\/post"}],"author":[{"embeddable":true,"href":"https:\/\/linitiative.ca\/International\/wp-json\/wp\/v2\/users\/1965"}],"replies":[{"embeddable":true,"href":"https:\/\/linitiative.ca\/International\/wp-json\/wp\/v2\/comments?post=113483"}],"version-history":[{"count":0,"href":"https:\/\/linitiative.ca\/International\/wp-json\/wp\/v2\/posts\/113483\/revisions"}],"wp:attachment":[{"href":"https:\/\/linitiative.ca\/International\/wp-json\/wp\/v2\/media?parent=113483"}],"wp:term":[{"taxonomy":"category","embeddable":true,"href":"https:\/\/linitiative.ca\/International\/wp-json\/wp\/v2\/categories?post=113483"},{"taxonomy":"post_tag","embeddable":true,"href":"https:\/\/linitiative.ca\/International\/wp-json\/wp\/v2\/tags?post=113483"}],"curies":[{"name":"wp","href":"https:\/\/api.w.org\/{rel}","templated":true}]}}