{"id":113484,"date":"2021-03-21T06:10:35","date_gmt":"2021-03-21T10:10:35","guid":{"rendered":"https:\/\/linitiative.ca\/International\/region-de-louest-des-faux-medicaments-et-du-chanvre-indien-detruits-par-la-douane\/"},"modified":"2021-03-21T06:10:35","modified_gmt":"2021-03-21T10:10:35","slug":"region-de-louest-des-faux-medicaments-et-du-chanvre-indien-detruits-par-la-douane","status":"publish","type":"post","link":"https:\/\/linitiative.ca\/International\/region-de-louest-des-faux-medicaments-et-du-chanvre-indien-detruits-par-la-douane\/","title":{"rendered":"R\u00e9gion de l\u2019Ouest : des faux m\u00e9dicaments et du chanvre indien d\u00e9truits par la Douane"},"content":{"rendered":"<div readability=\"32\">\n<p>Publi\u00e9 le 21.03.2021 \u00e0 11h10 par JournalduCameroun.com<\/p>\n<\/div>\n<div readability=\"53\">\n<h2 class=\"c8\">Les autorit\u00e9s appellent une fois de plus la population \u00e0 d\u00e9noncer les trafiquants.<\/h2>\n<p class=\"c9\">Sadou Oumarou, chef secteur des douanes de l\u2019Ouest d\u00e9taille la consistance de la saisie op\u00e9r\u00e9e par ses services\u00a0: <em>\u00ab\u00a0parmi les m\u00e9dicaments, je peux citer, Ibuprofen, le Mebendazole, le Bicarbonate, du Diazepam, de l\u2019Anistatine et beaucoup d\u2019autres m\u00e9dicaments dont la manipulation est contr\u00f4l\u00e9es et assez d\u00e9licate\u00a0\u00bb.<\/em><\/p>\n<p class=\"c9\">Des cigarettes irr\u00e9guli\u00e8res et plus de 300 litres de formol ont \u00e9galement \u00e9t\u00e9 saisi, ainsi que du chanvre indien par le Comit\u00e9 r\u00e9gionale de lutte contre les faux m\u00e9dicaments et le trafic des produits dangereux. Tout a \u00e9t\u00e9 d\u00e9truit le vendredi 19 mars \u00e0 Bafoussam.<\/p>\n<p class=\"c9\">Une occasion pour l\u2019inspecteur g\u00e9n\u00e9ral des services r\u00e9gionaux de lancer un nouvel appel \u00e0 collaboration, <em>\u00ab\u00a0dire aux populations que cette lutte se fait d\u2019abord dans leur int\u00e9r\u00eat, sur le plan sanitaire et \u00e9conomique. Qu\u2019elles coop\u00e8rent et d\u00e9noncent les auteurs\u00a0\u00bb<\/em>.<\/p>\n<\/div>\n<p>Auteur: journalducameroun<br \/>\n<a href=\"https:\/\/www.journalducameroun.com\/region-de-louest-des-faux-medicaments-et-du-chanvre-indien-detruits-par-la-douane-douane\/\">Cliquez ici pour lire l&rsquo;article depuis sa source.<\/a><\/p>\n","protected":false},"excerpt":{"rendered":"<p>Publi\u00e9 le 21.03.2021 \u00e0 11h10 par JournalduCameroun.com Les autorit\u00e9s appellent une fois de plus la population \u00e0 d\u00e9noncer les trafiquants. Sadou Oumarou, chef secteur des douanes de l\u2019Ouest d\u00e9taille la consistance de la saisie op\u00e9r\u00e9e par ses services\u00a0: \u00ab\u00a0parmi les m\u00e9dicaments, je peux citer, Ibuprofen, le Mebendazole, le Bicarbonate, du Diazepam, de l\u2019Anistatine et beaucoup [&hellip;]<\/p>\n","protected":false},"author":1965,"featured_media":0,"comment_status":"closed","ping_status":"closed","sticky":false,"template":"","format":"standard","meta":{"fifu_image_url":"","fifu_image_alt":"","footnotes":""},"categories":[73,82],"tags":[],"class_list":["post-113484","post","type-post","status-publish","format-standard","hentry","category-actualite","category-cameroun"],"_links":{"self":[{"href":"https:\/\/linitiative.ca\/International\/wp-json\/wp\/v2\/posts\/113484","targetHints":{"allow":["GET"]}}],"collection":[{"href":"https:\/\/linitiative.ca\/International\/wp-json\/wp\/v2\/posts"}],"about":[{"href":"https:\/\/linitiative.ca\/International\/wp-json\/wp\/v2\/types\/post"}],"author":[{"embeddable":true,"href":"https:\/\/linitiative.ca\/International\/wp-json\/wp\/v2\/users\/1965"}],"replies":[{"embeddable":true,"href":"https:\/\/linitiative.ca\/International\/wp-json\/wp\/v2\/comments?post=113484"}],"version-history":[{"count":0,"href":"https:\/\/linitiative.ca\/International\/wp-json\/wp\/v2\/posts\/113484\/revisions"}],"wp:attachment":[{"href":"https:\/\/linitiative.ca\/International\/wp-json\/wp\/v2\/media?parent=113484"}],"wp:term":[{"taxonomy":"category","embeddable":true,"href":"https:\/\/linitiative.ca\/International\/wp-json\/wp\/v2\/categories?post=113484"},{"taxonomy":"post_tag","embeddable":true,"href":"https:\/\/linitiative.ca\/International\/wp-json\/wp\/v2\/tags?post=113484"}],"curies":[{"name":"wp","href":"https:\/\/api.w.org\/{rel}","templated":true}]}}