{"id":113485,"date":"2021-03-21T06:39:15","date_gmt":"2021-03-21T10:39:15","guid":{"rendered":"https:\/\/linitiative.ca\/International\/extreme-nord-le-gouverneur-fustige-la-lenteur-des-prestataires-sur-la-reconstruction-des-villes-damchide-et-limani\/"},"modified":"2021-03-21T06:39:15","modified_gmt":"2021-03-21T10:39:15","slug":"extreme-nord-le-gouverneur-fustige-la-lenteur-des-prestataires-sur-la-reconstruction-des-villes-damchide-et-limani","status":"publish","type":"post","link":"https:\/\/linitiative.ca\/International\/extreme-nord-le-gouverneur-fustige-la-lenteur-des-prestataires-sur-la-reconstruction-des-villes-damchide-et-limani\/","title":{"rendered":"Extr\u00eame-nord : le gouverneur fustige la lenteur des prestataires sur la reconstruction des villes d\u2019Amchid\u00e9 et Limani"},"content":{"rendered":"<div readability=\"32\">\n<p>Publi\u00e9 le 21.03.2021 \u00e0 11h39 par JournalduCameroun.com<\/p>\n<\/div>\n<div readability=\"54\">\n<h2 class=\"c8\">Le comit\u00e9 de pilotage du projet \u00a0s\u2019est r\u00e9uni ce vendredi 19 mars \u00e0 Maroua.<\/h2>\n<p class=\"c9\">Le gouverneur de la r\u00e9gion de l\u2019Extr\u00eame-nord, pr\u00e9sident du Comit\u00e9 de pilotage du projet facilit\u00e9 r\u00e9gionale de stabilisation du bassin du Lac Tchad a exprim\u00e9 son inqui\u00e9tudes face aux retards observ\u00e9s dans la r\u00e9alisation de certains projets dans les villes d\u2019<strong>Amchid\u00e9<\/strong> et de <strong>Limani<\/strong>. Ces villes ont \u00e9t\u00e9 durement frapp\u00e9es par la guerre contre Boko Haram depuis 2014.<\/p>\n<p class=\"c9\"><em>\u00ab\u00a0Nous fustigeons les soci\u00e9t\u00e9s qui parfois gagnent des march\u00e9s et tardent \u00e0 les ex\u00e9cuter\u00a0\u00bb<\/em>, a d\u00e9clar\u00e9 le gouverneur Midjiyawa Bakary le 19 mars \u00e0 Maroua. <em>\u00ab\u00a0Nous avons demand\u00e9 \u00e0 la commission des passations de march\u00e9 d\u2019\u00eatre beaucoup plus regardant et d\u2019appliquer la r\u00e9glementations en vigueur\u00a0\u00bb<\/em>, a pr\u00e9conis\u00e9 ce haut responsable.<\/p>\n<p class=\"c9\">Plusieurs acteurs, institutions nationales et partenaires au d\u00e9veloppement, font partie de ce comit\u00e9 mis en place en 2019. C\u2019est le cas du Programme des Nations-Unies pour le d\u00e9veloppement (PNUD). <em>\u00ab\u00a0Le commissariat de police d\u2019Amchid\u00e9 \u00a0est en cours de finition. Il y a avait \u00e9galement les Douanes, un poste forestier qui vient d\u2019\u00eatre achev\u00e9. Le Minader (Minist\u00e8re de l\u2019Agriculture et du D\u00e9veloppement rural, Ndlr) est notre partenaire principal pour les formations et les dotations en \u00e9quipement pour les groupements agricoles. Nous sommes en train de faire \u00e9norm\u00e9ment de forages\u00a0; nous sommes en trains de faire des panneaux solaires\u00a0\u00bb,<\/em> a cit\u00e9 un responsable du PNUD, chef de l\u2019unit\u00e9 de stabilisation.<\/p>\n<\/div>\n<p>Auteur: journalducameroun<br \/>\n<a href=\"https:\/\/www.journalducameroun.com\/extreme-nord-le-gouverneur-fustige-la-lenteur-des-prestataires-sur-la-reconstruction-des-villes-damchide-et-limani-cameroun\/\">Cliquez ici pour lire l&rsquo;article depuis sa source.<\/a><\/p>\n","protected":false},"excerpt":{"rendered":"<p>Publi\u00e9 le 21.03.2021 \u00e0 11h39 par JournalduCameroun.com Le comit\u00e9 de pilotage du projet \u00a0s\u2019est r\u00e9uni ce vendredi 19 mars \u00e0 Maroua. Le gouverneur de la r\u00e9gion de l\u2019Extr\u00eame-nord, pr\u00e9sident du Comit\u00e9 de pilotage du projet facilit\u00e9 r\u00e9gionale de stabilisation du bassin du Lac Tchad a exprim\u00e9 son inqui\u00e9tudes face aux retards observ\u00e9s dans la r\u00e9alisation [&hellip;]<\/p>\n","protected":false},"author":1965,"featured_media":0,"comment_status":"closed","ping_status":"closed","sticky":false,"template":"","format":"standard","meta":{"fifu_image_url":"","fifu_image_alt":"","footnotes":""},"categories":[73,82],"tags":[],"class_list":["post-113485","post","type-post","status-publish","format-standard","hentry","category-actualite","category-cameroun"],"_links":{"self":[{"href":"https:\/\/linitiative.ca\/International\/wp-json\/wp\/v2\/posts\/113485","targetHints":{"allow":["GET"]}}],"collection":[{"href":"https:\/\/linitiative.ca\/International\/wp-json\/wp\/v2\/posts"}],"about":[{"href":"https:\/\/linitiative.ca\/International\/wp-json\/wp\/v2\/types\/post"}],"author":[{"embeddable":true,"href":"https:\/\/linitiative.ca\/International\/wp-json\/wp\/v2\/users\/1965"}],"replies":[{"embeddable":true,"href":"https:\/\/linitiative.ca\/International\/wp-json\/wp\/v2\/comments?post=113485"}],"version-history":[{"count":0,"href":"https:\/\/linitiative.ca\/International\/wp-json\/wp\/v2\/posts\/113485\/revisions"}],"wp:attachment":[{"href":"https:\/\/linitiative.ca\/International\/wp-json\/wp\/v2\/media?parent=113485"}],"wp:term":[{"taxonomy":"category","embeddable":true,"href":"https:\/\/linitiative.ca\/International\/wp-json\/wp\/v2\/categories?post=113485"},{"taxonomy":"post_tag","embeddable":true,"href":"https:\/\/linitiative.ca\/International\/wp-json\/wp\/v2\/tags?post=113485"}],"curies":[{"name":"wp","href":"https:\/\/api.w.org\/{rel}","templated":true}]}}