{"id":113486,"date":"2021-03-21T07:12:52","date_gmt":"2021-03-21T11:12:52","guid":{"rendered":"https:\/\/linitiative.ca\/International\/cameroun-deux-soldats-tues-par-boko-haram-dans-lextreme-nord\/"},"modified":"2021-03-21T07:12:52","modified_gmt":"2021-03-21T11:12:52","slug":"cameroun-deux-soldats-tues-par-boko-haram-dans-lextreme-nord","status":"publish","type":"post","link":"https:\/\/linitiative.ca\/International\/cameroun-deux-soldats-tues-par-boko-haram-dans-lextreme-nord\/","title":{"rendered":"Cameroun : deux soldats tu\u00e9s par Boko Haram dans l\u2019Extr\u00eame-nord"},"content":{"rendered":"<div readability=\"32\">\n<p>Publi\u00e9 le 21.03.2021 \u00e0 12h12 par JournalduCameroun.com<\/p>\n<\/div>\n<div readability=\"48\">\n<h2 class=\"c8\">Les insurg\u00e9s ont men\u00e9 des attaques \u00a0simultan\u00e9es dans des villes \u00e0 la fronti\u00e8re avec le Nigeria.<\/h2>\n<p class=\"c9\">Deux \u00e9l\u00e9ments du R\u00e9giment d\u2019artillerie sol-sol (RASS) ont \u00e9t\u00e9 tu\u00e9s dans la nuit du 20 mars dernier \u00e0 Soueram une ville frontali\u00e8re avec le Nigeria, non loin de Fotokol, dans la r\u00e9gion de l\u2019Extr\u00eame-nord. Cette attaque a \u00e9t\u00e9 men\u00e9e en m\u00eame temps c\u00f4t\u00e9 nig\u00e9rian dans les villes de Wouglo et Ladari.<\/p>\n<p class=\"c9\">Selon des sources sur place, les combattants de <strong>Boko Haram<\/strong> ont cibl\u00e9 des bases de la Force multinationale mixte. Plus t\u00f4t ce 20 mars, des insurg\u00e9s ont attaqu\u00e9 le village de Nguetchewe. Un homme d\u2019une vingtaine d\u2019ann\u00e9es a \u00e9t\u00e9 tu\u00e9 alors qu\u2019il essayait de d\u00e9fendre sa moto et ses \u00e9quipements pour l\u2019agriculture. Alert\u00e9e par le comit\u00e9 de vigilance, l\u2019arm\u00e9e s\u2019est lanc\u00e9e \u00e0 la poursuite des assaillants.<\/p>\n<p class=\"c9\">Le journal r\u00e9gional L\u2019\u0153il du Sahel reporte \u00e9galement deux personnes tu\u00e9es et des maisons brul\u00e9es \u00e0 Kangaleri (Mayo Sava) dans la nuit du 18 mars.<\/p>\n<\/div>\n<p>Auteur: journalducameroun<br \/>\n<a href=\"https:\/\/www.journalducameroun.com\/cameroun-deux-soldats-tues-par-boko-haram-dans-lextreme-nord-cameroun\/\">Cliquez ici pour lire l&rsquo;article depuis sa source.<\/a><\/p>\n","protected":false},"excerpt":{"rendered":"<p>Publi\u00e9 le 21.03.2021 \u00e0 12h12 par JournalduCameroun.com Les insurg\u00e9s ont men\u00e9 des attaques \u00a0simultan\u00e9es dans des villes \u00e0 la fronti\u00e8re avec le Nigeria. Deux \u00e9l\u00e9ments du R\u00e9giment d\u2019artillerie sol-sol (RASS) ont \u00e9t\u00e9 tu\u00e9s dans la nuit du 20 mars dernier \u00e0 Soueram une ville frontali\u00e8re avec le Nigeria, non loin de Fotokol, dans la r\u00e9gion [&hellip;]<\/p>\n","protected":false},"author":1965,"featured_media":0,"comment_status":"closed","ping_status":"closed","sticky":false,"template":"","format":"standard","meta":{"fifu_image_url":"","fifu_image_alt":"","footnotes":""},"categories":[73,82],"tags":[],"class_list":["post-113486","post","type-post","status-publish","format-standard","hentry","category-actualite","category-cameroun"],"_links":{"self":[{"href":"https:\/\/linitiative.ca\/International\/wp-json\/wp\/v2\/posts\/113486","targetHints":{"allow":["GET"]}}],"collection":[{"href":"https:\/\/linitiative.ca\/International\/wp-json\/wp\/v2\/posts"}],"about":[{"href":"https:\/\/linitiative.ca\/International\/wp-json\/wp\/v2\/types\/post"}],"author":[{"embeddable":true,"href":"https:\/\/linitiative.ca\/International\/wp-json\/wp\/v2\/users\/1965"}],"replies":[{"embeddable":true,"href":"https:\/\/linitiative.ca\/International\/wp-json\/wp\/v2\/comments?post=113486"}],"version-history":[{"count":0,"href":"https:\/\/linitiative.ca\/International\/wp-json\/wp\/v2\/posts\/113486\/revisions"}],"wp:attachment":[{"href":"https:\/\/linitiative.ca\/International\/wp-json\/wp\/v2\/media?parent=113486"}],"wp:term":[{"taxonomy":"category","embeddable":true,"href":"https:\/\/linitiative.ca\/International\/wp-json\/wp\/v2\/categories?post=113486"},{"taxonomy":"post_tag","embeddable":true,"href":"https:\/\/linitiative.ca\/International\/wp-json\/wp\/v2\/tags?post=113486"}],"curies":[{"name":"wp","href":"https:\/\/api.w.org\/{rel}","templated":true}]}}