{"id":113487,"date":"2021-03-21T08:17:05","date_gmt":"2021-03-21T12:17:05","guid":{"rendered":"https:\/\/linitiative.ca\/International\/buea-nouveau-mouvement-dhumeur-des-ex-combattants-du-centre-de-desarmement-et-de-reinsertion\/"},"modified":"2021-03-21T08:17:05","modified_gmt":"2021-03-21T12:17:05","slug":"buea-nouveau-mouvement-dhumeur-des-ex-combattants-du-centre-de-desarmement-et-de-reinsertion","status":"publish","type":"post","link":"https:\/\/linitiative.ca\/International\/buea-nouveau-mouvement-dhumeur-des-ex-combattants-du-centre-de-desarmement-et-de-reinsertion\/","title":{"rendered":"Buea : nouveau mouvement d\u2019humeur des ex-combattants du Centre de d\u00e9sarmement et de r\u00e9insertion"},"content":{"rendered":"<div readability=\"32\">\n<p>Publi\u00e9 le 21.03.2021 \u00e0 13h17 par JournalduCameroun.com<\/p>\n<\/div>\n<div readability=\"59\">\n<h2 class=\"c8\">Ils protestent une fois de plus contre la longueur de leur s\u00e9jour et les conditions de vie dans ces lieux d\u2019accueil et de d\u00e9mobilisation.<\/h2>\n<p class=\"c9\">Ce 19 mars 2021, des ex-combattants s\u00e9paratistes ont bloqu\u00e9 la route menant \u00e0 , dans la r\u00e9gion du Sud-ouest. Ces miliciens d\u00e9mobilis\u00e9s entendaient ainsi protester contre leurs conditions de d\u00e9tention dans le <strong>Centre de d\u00e9sarmement, de d\u00e9mobilisation et de r\u00e9insertion<\/strong> (CDDR) de <strong>Buea<\/strong>.<\/p>\n<p class=\"c9\">\u00ab\u00a0Nous sommes fatigu\u00e9s de rester ici.\u00a0 Nous ne rajeunissons pas. Nous devons nous marier et avoir nos propres enfants. Nos enfants vont nous appeler oncle parce qu\u2019ils ne nous ont pas vus depuis longtemps\u00a0\u00bb, se lamentent les ex combattants s\u00e9paratistes de Buea cit\u00e9 par le r\u00e9seau Cameroon News Agency. Venu \u00e0 leur rencontre, le secr\u00e9taire g\u00e9n\u00e9ral des services du gouverneur n\u2019a pas pu calmer la grogne.<\/p>\n<p class=\"c9\">Ce mouvement de protestation est le troisi\u00e8me du genre depuis janvier 2021, avec toujours les m\u00eames revendications. Lors du dernier d\u00e9brayage, en f\u00e9vrier dernier, le Premier ministre a fait d\u00e9bloquer une somme de 3 millions de FCFA pour am\u00e9liorer les conditions de vie dans ces Centres, car ceux de Bamenda \u00e9taient aussi descendus dans la rue pour les m\u00eames motifs.<\/p>\n<p class=\"c9\">Au lendemain de ce mouvement d\u2019humeur, Fa\u00cf Yengo Francis, le Coordonnateur des CDDR s\u2019est rendu \u00e0 Buea pour proc\u00e9der \u00e0 la pose de la premi\u00e8re pierre du nouveau site du centre de DDR de Buea. Celui-ci sera \u00e9rig\u00e9 \u00e0 Tiko.<\/p>\n<\/div>\n<p>Auteur: journalducameroun<br \/>\n<a href=\"https:\/\/www.journalducameroun.com\/buea-nouveau-mouvement-dhumeur-des-ex-combattants-du-centre-de-desarmement-et-de-reinsertion-cameroun\/\">Cliquez ici pour lire l&rsquo;article depuis sa source.<\/a><\/p>\n","protected":false},"excerpt":{"rendered":"<p>Publi\u00e9 le 21.03.2021 \u00e0 13h17 par JournalduCameroun.com Ils protestent une fois de plus contre la longueur de leur s\u00e9jour et les conditions de vie dans ces lieux d\u2019accueil et de d\u00e9mobilisation. Ce 19 mars 2021, des ex-combattants s\u00e9paratistes ont bloqu\u00e9 la route menant \u00e0 , dans la r\u00e9gion du Sud-ouest. Ces miliciens d\u00e9mobilis\u00e9s entendaient ainsi [&hellip;]<\/p>\n","protected":false},"author":1965,"featured_media":0,"comment_status":"closed","ping_status":"closed","sticky":false,"template":"","format":"standard","meta":{"fifu_image_url":"","fifu_image_alt":"","footnotes":""},"categories":[73,82],"tags":[],"class_list":["post-113487","post","type-post","status-publish","format-standard","hentry","category-actualite","category-cameroun"],"_links":{"self":[{"href":"https:\/\/linitiative.ca\/International\/wp-json\/wp\/v2\/posts\/113487","targetHints":{"allow":["GET"]}}],"collection":[{"href":"https:\/\/linitiative.ca\/International\/wp-json\/wp\/v2\/posts"}],"about":[{"href":"https:\/\/linitiative.ca\/International\/wp-json\/wp\/v2\/types\/post"}],"author":[{"embeddable":true,"href":"https:\/\/linitiative.ca\/International\/wp-json\/wp\/v2\/users\/1965"}],"replies":[{"embeddable":true,"href":"https:\/\/linitiative.ca\/International\/wp-json\/wp\/v2\/comments?post=113487"}],"version-history":[{"count":0,"href":"https:\/\/linitiative.ca\/International\/wp-json\/wp\/v2\/posts\/113487\/revisions"}],"wp:attachment":[{"href":"https:\/\/linitiative.ca\/International\/wp-json\/wp\/v2\/media?parent=113487"}],"wp:term":[{"taxonomy":"category","embeddable":true,"href":"https:\/\/linitiative.ca\/International\/wp-json\/wp\/v2\/categories?post=113487"},{"taxonomy":"post_tag","embeddable":true,"href":"https:\/\/linitiative.ca\/International\/wp-json\/wp\/v2\/tags?post=113487"}],"curies":[{"name":"wp","href":"https:\/\/api.w.org\/{rel}","templated":true}]}}