{"id":113488,"date":"2021-03-21T12:39:00","date_gmt":"2021-03-21T16:39:00","guid":{"rendered":"https:\/\/linitiative.ca\/International\/echanges-commerciaux-le-commerce-intra-africain-avance-a-petit-pas\/"},"modified":"2021-03-21T12:39:00","modified_gmt":"2021-03-21T16:39:00","slug":"echanges-commerciaux-le-commerce-intra-africain-avance-a-petit-pas","status":"publish","type":"post","link":"https:\/\/linitiative.ca\/International\/echanges-commerciaux-le-commerce-intra-africain-avance-a-petit-pas\/","title":{"rendered":"Echanges commerciaux : le commerce intra-africain avance \u00e0 petit pas"},"content":{"rendered":"<p>Depuis le 17 mars jusqu\u2019au 23 se tient \u00e0 Addis-Abeba, la capitale \u00e9thiopienne la\u00a0\u00a053<sup>e<\/sup>\u00a0\u00e9dition de la de la Conf\u00e9rence des ministres des finances africains, de la planification et du d\u00e9veloppement \u00e9conomique. Edition plac\u00e9e sous le th\u00e8me \u00ab\u00a0l\u2019industrialisation durable et la diversification de l\u2019Afrique \u00e0 l\u2019\u00e8re du num\u00e9rique dans le contexte de la Covid-19\u00a0\u00bb. Durant les multiples \u00e9changes men\u00e9s jusqu\u2019\u00e0 ce jour, l\u2019on note des avanc\u00e9es sur les plans du commerce et de l\u2019int\u00e9gration r\u00e9gional en Afrique.<\/p>\n<p><strong>Lire aussi<\/strong> : <a href=\"https:\/\/ecomatin.net\/zlecaf-un-fonds-de-5%e2%80%af455147-milliards-de-fcfa-pour-les-entreprises-africaines\/\">Zlecaf: un fonds de 5\u202f455,147 milliards de Fcfa pour les entreprises africaines<\/a><\/p>\n<p>Sur le plan du commerce, un rapport d\u2019\u00e9valuation sur les progr\u00e8s r\u00e9alis\u00e9s en mati\u00e8re d\u2019int\u00e9gration r\u00e9gionale dans le contexte de la pand\u00e9mie de COVID-19, r\u00e9alis\u00e9 par la Commission \u00e9conomique pour l\u2019Afrique (CEA), r\u00e9v\u00e8le que \u00ab\u00a0le commerce intra-africain est pass\u00e9 \u00e0 16,1% en 2018 (159,1 milliards de dollars), contre 15,5% en 2017. \u00c0 l\u2019\u00e9chelle mondiale, la production a l\u00e9g\u00e8rement diminu\u00e9 \u00e0 3,6% en 2018, contre 3,8% en 2017\u00a0\u00bb. Sur cette m\u00eame ann\u00e9e, l\u2019Afrique ne repr\u00e9sentait que 2,6% du commerce mondial, soit une l\u00e9g\u00e8re augmentation par rapport \u00e0 0,2% par rapport \u00e0 2017. Le rapport en question a \u00e9t\u00e9 pr\u00e9sent\u00e9 lors du 39<sup>\u00e8me<\/sup>\u00a0Comit\u00e9 d\u2019experts de la CEA de la Conf\u00e9rence des ministres africains des finances, de la planification et du d\u00e9veloppement \u00e9conomique. Ledit rapport indique aussi que \u00ab\u00a0l\u2019Union europ\u00e9enne, occupe la plus grosse part du march\u00e9 du commerce du continent, repr\u00e9sentant 29,8% du commerce total en 2018. La tendance est cependant en train de changer apr\u00e8s le Brexit et \u00e9galement en raison de l\u2019augmentation des \u00e9changes entre la Chine et l\u2019Afrique\u00a0\u00bb.<\/p>\n<p><strong>Lire aussi<\/strong> : <a href=\"https:\/\/ecomatin.net\/zone-cemac-vers-un-label-made-in-central-africa\/\">Zone Cemac : Un label \u00ab Made in Central Africa \u00bb en gestion<\/a><\/p>\n<p>D\u2019autre part le m\u00eame rapport pr\u00e9sente \u00ab\u00a0une \u00e9valuation de l\u2019\u00e9tat de l\u2019int\u00e9gration r\u00e9gionale en Afrique avec un accent particulier sur les progr\u00e8s r\u00e9alis\u00e9s par les CER dans les dimensions cl\u00e9s de l\u2019int\u00e9gration r\u00e9gionale, y compris l\u2019int\u00e9gration macro\u00e9conomique, l\u2019int\u00e9gration productive, l\u2019int\u00e9gration commerciale, l\u2019int\u00e9gration des infrastructures, la libre circulation des personnes et la gouvernance, la paix et la s\u00e9curit\u00e9\u00bb. Deux variantes sont alors examin\u00e9es ici l\u2019int\u00e9gration r\u00e9gionale productive et celle macro\u00e9conomique.<\/p>\n<p>Selon Stephen Karingi, Directeur de la Division de l\u2019int\u00e9gration r\u00e9gionale et du commerce \u00e0 la CEA, l\u2019int\u00e9gration productive est la dimension la moins performante de l\u2019int\u00e9gration r\u00e9gionale. \u00ab La plupart des communaut\u00e9s sont \u00e0 la tra\u00eene en termes d\u2019exportations et d\u2019importations interm\u00e9diaires intra-r\u00e9gionales, et enregistrent un tr\u00e8s faible indice de compl\u00e9mentarit\u00e9 du commerce des marchandises. Le document renseigne sur le fait que l\u2019Union du Maghreb arabe (UMA) et la Communaut\u00e9 de l\u2019Afrique de l\u2019Est (CAE) occupent la t\u00eate de l\u2019int\u00e9gration productive, avec des scores d\u2019indice de 0,449 et 0,434, respectivement, tandis que la Communaut\u00e9 des Etats d\u2019Afrique de l\u2019Ouest (Cedeao) est le bloc r\u00e9gional le moins int\u00e9gr\u00e9 dans ce domaine, avec un score d\u2019indice de 0,220. Du c\u00f4t\u00e9 de l\u2019int\u00e9gration macro\u00e9conomique, l\u2019on apprend que \u00ab\u00a0la Communaut\u00e9 \u00e9conomique des \u00c9tats de l\u2019Afrique centrale (Ceeac) et la CAE sont les communaut\u00e9s les plus performantes en termes d\u2019int\u00e9gration macro\u00e9conomique, avec des scores d\u2019indice de 0,684 et 0,660, respectivement\u00a0\u00bb.<\/p>\n<p><strong>Lire aussi<\/strong> : <a href=\"https:\/\/ecomatin.net\/commerce-regional-la-zone-de-libre-echange-continentale-entre-en-vigueur\/\">Commerce r\u00e9gional: la Zone de libre-\u00e9change continentale entre en vigueur<\/a><\/p>\n<p>Auteur: Cindy MBALA<br \/>\n<a href=\"https:\/\/ecomatin.net\/echanges-commerciaux-le-commerce-intra-africain-avance-a-petit-pas\/\">Cliquez ici pour lire l&rsquo;article depuis sa source.<\/a><\/p>\n","protected":false},"excerpt":{"rendered":"<p>Depuis le 17 mars jusqu\u2019au 23 se tient \u00e0 Addis-Abeba, la capitale \u00e9thiopienne la\u00a0\u00a053e\u00a0\u00e9dition de la de la Conf\u00e9rence des ministres des finances africains, de la planification et du d\u00e9veloppement \u00e9conomique. Edition plac\u00e9e sous le th\u00e8me \u00ab\u00a0l\u2019industrialisation durable et la diversification de l\u2019Afrique \u00e0 l\u2019\u00e8re du num\u00e9rique dans le contexte de la Covid-19\u00a0\u00bb. Durant les [&hellip;]<\/p>\n","protected":false},"author":1969,"featured_media":0,"comment_status":"closed","ping_status":"closed","sticky":false,"template":"","format":"standard","meta":{"fifu_image_url":"","fifu_image_alt":"","footnotes":""},"categories":[82,78],"tags":[],"class_list":["post-113488","post","type-post","status-publish","format-standard","hentry","category-cameroun","category-economie"],"_links":{"self":[{"href":"https:\/\/linitiative.ca\/International\/wp-json\/wp\/v2\/posts\/113488","targetHints":{"allow":["GET"]}}],"collection":[{"href":"https:\/\/linitiative.ca\/International\/wp-json\/wp\/v2\/posts"}],"about":[{"href":"https:\/\/linitiative.ca\/International\/wp-json\/wp\/v2\/types\/post"}],"author":[{"embeddable":true,"href":"https:\/\/linitiative.ca\/International\/wp-json\/wp\/v2\/users\/1969"}],"replies":[{"embeddable":true,"href":"https:\/\/linitiative.ca\/International\/wp-json\/wp\/v2\/comments?post=113488"}],"version-history":[{"count":0,"href":"https:\/\/linitiative.ca\/International\/wp-json\/wp\/v2\/posts\/113488\/revisions"}],"wp:attachment":[{"href":"https:\/\/linitiative.ca\/International\/wp-json\/wp\/v2\/media?parent=113488"}],"wp:term":[{"taxonomy":"category","embeddable":true,"href":"https:\/\/linitiative.ca\/International\/wp-json\/wp\/v2\/categories?post=113488"},{"taxonomy":"post_tag","embeddable":true,"href":"https:\/\/linitiative.ca\/International\/wp-json\/wp\/v2\/tags?post=113488"}],"curies":[{"name":"wp","href":"https:\/\/api.w.org\/{rel}","templated":true}]}}