{"id":113493,"date":"2021-03-22T10:40:04","date_gmt":"2021-03-22T14:40:04","guid":{"rendered":"https:\/\/linitiative.ca\/International\/operateur-de-services-et-de-solutions-digitales-inetum-inaugure-son-premier-fablab-en-afrique-a-casablanca\/"},"modified":"2021-03-22T10:40:04","modified_gmt":"2021-03-22T14:40:04","slug":"operateur-de-services-et-de-solutions-digitales-inetum-inaugure-son-premier-fablab-en-afrique-a-casablanca","status":"publish","type":"post","link":"https:\/\/linitiative.ca\/International\/operateur-de-services-et-de-solutions-digitales-inetum-inaugure-son-premier-fablab-en-afrique-a-casablanca\/","title":{"rendered":"Op\u00e9rateur de services et de solutions digitales : Inetum inaugure son premier Fablab en Afrique \u00e0 Casablanca"},"content":{"rendered":"<header>\n<\/header>\n<div class=\"entry-content clearfix\" readability=\"62\">\n<figure class=\"post-thumbnail\" itemprop=\"associatedMedia\" itemscope=\"itemscope\" itemtype=\"http:\/\/schema.org\/ImageObject\"><img decoding=\"async\" class=\"post_layout_5_img\" src=\"http:\/\/aujourdhui.ma\/wp-content\/uploads\/2021\/03\/INETIUM.jpg\" alt=\"Op\u00e9rateur de services et de solutions digitales : Inetum inaugure son premier Fablab en Afrique \u00e0 Casablanca\"\/><\/figure>\n<p><span class=\"c5\"><strong>Le Groupe Inetum vient d\u2019inaugurer son nouveau Fablab Innovation Afrique \u00e0 Casablanca au Maroc.<\/strong><\/span><span id=\"more-371677\"\/><\/p>\n<p>Cette inauguration vise \u00e0 augmenter la capacit\u00e9 d\u2019Inetum \u00e0 accompagner ses clients en Afrique sur le champ de l\u2019innovation, au plus pr\u00e8s de leurs besoins. L\u2019\u00e9v\u00e9nement t\u00e9moigne, selon les responsables de Fablab, de l\u2019ambition strat\u00e9gique du groupe de contribuer \u00e0 la transformation num\u00e9rique du continent africain.<br \/>L\u2019inauguration s\u2019est d\u00e9roul\u00e9e en pr\u00e9sence de Vincent Rouaix, pr\u00e9sident-directeur g\u00e9n\u00e9ral d\u2019Inetum, ainsi que des repr\u00e9sentants du groupe en Afrique. Le centre d\u2019innovation est situ\u00e9 au sein du nouveau si\u00e8ge d\u2019Inetum au Maroc, \u00e0 Casanearshore.<br \/>Pour Inetum, les Fablabs sont des lieux d\u00e9di\u00e9s \u00e0 l\u2019innovation, pens\u00e9s pour permettre aux clients de faire l\u2019exp\u00e9rience des derni\u00e8res avanc\u00e9es technologiques. Am\u00e9nag\u00e9s pour recevoir les partenaires et les clients du groupe, ils favorisent une d\u00e9marche de co-cr\u00e9ation et de proximit\u00e9, qui permet d\u2019aller de la formulation du besoin \u00e0 la mod\u00e9lisation de solutions.<br \/>Les Fablabs sont compos\u00e9s d\u2019\u00e9quipes pluridisciplinaires, int\u00e9grant des chercheurs et orient\u00e9s autour de la cr\u00e9ation de solutions pens\u00e9es comme acc\u00e9l\u00e9rateur du changement pour les organisations.<br \/>Inetum s\u2019appuie sur un r\u00e9seau compos\u00e9 aujourd\u2019hui de sept Fablabs localis\u00e9s respectivement en France, en Belgique, en Espagne, au Portugal et maintenant au Maroc pour le continent africain.<br \/>Pr\u00e9sente au Maroc depuis 2003, la filiale casablancaise d\u2019Inetum constitue une success story entrepreneuriale \u00abpar le r\u00f4le qu\u2019elle a jou\u00e9 dans l\u2019offre de solutions innovantes aupr\u00e8s de plus de 500 entreprises marocaines et africaines\u00bb.<br \/>Selon Vincent Rouaix, pr\u00e9sident-directeur g\u00e9n\u00e9ral d\u2019Inetum, \u00abl\u2019Afrique est aujourd\u2019hui en plein essor gr\u00e2ce au num\u00e9rique. L\u2019inauguration du Fablab de Casablanca, le premier sur le continent africain, t\u00e9moigne de notre volont\u00e9 d\u2019\u0153uvrer en faveur de l\u2019int\u00e9gration des nouvelles technologies en tant que moteur de l\u2019\u00e9conomie africaine. En cette p\u00e9riode de crise internationale, nous continuons \u00e0 appuyer et \u00e0 soutenir nos entreprises partenaires \u00e0 travers le d\u00e9veloppement de l\u2019innovation et des technologies\u00bb.<br \/>D\u00e9j\u00e0 pr\u00e9sent en C\u00f4te d\u2019Ivoire, en Angola, au S\u00e9n\u00e9gal, au Cameroun et en Tunisie, Inetum souhaite faire de ce septi\u00e8me Fablab la r\u00e9f\u00e9rence de l\u2019engagement du groupe sur le continent africain, et l\u2019illustration d\u2019un positive digital flow au service du plus grand nombre.<\/p>\n<\/div>\n<p>Auteur: ALM<br \/>\n<a href=\"https:\/\/aujourdhui.ma\/actualite\/operateur-de-services-et-de-solutions-digitales-inetum-inaugure-son-premier-fablab-en-afrique-a-casablanca\">Cliquez ici pour lire l&rsquo;article depuis sa source.<\/a><\/p>\n","protected":false},"excerpt":{"rendered":"<p>Le Groupe Inetum vient d\u2019inaugurer son nouveau Fablab Innovation Afrique \u00e0 Casablanca au Maroc. Cette inauguration vise \u00e0 augmenter la capacit\u00e9 d\u2019Inetum \u00e0 accompagner ses clients en Afrique sur le champ de l\u2019innovation, au plus pr\u00e8s de leurs besoins. L\u2019\u00e9v\u00e9nement t\u00e9moigne, selon les responsables de Fablab, de l\u2019ambition strat\u00e9gique du groupe de contribuer \u00e0 la [&hellip;]<\/p>\n","protected":false},"author":1759,"featured_media":0,"comment_status":"closed","ping_status":"closed","sticky":false,"template":"","format":"standard","meta":{"fifu_image_url":"http:\/\/aujourdhui.ma\/wp-content\/uploads\/2021\/03\/INETIUM.jpg","fifu_image_alt":"Op\u00e9rateur de services et de solutions digitales : Inetum inaugure son premier Fablab en Afrique \u00e0 Casablanca","footnotes":""},"categories":[73,54],"tags":[],"class_list":["post-113493","post","type-post","status-publish","format-standard","hentry","category-actualite","category-maroc"],"_links":{"self":[{"href":"https:\/\/linitiative.ca\/International\/wp-json\/wp\/v2\/posts\/113493","targetHints":{"allow":["GET"]}}],"collection":[{"href":"https:\/\/linitiative.ca\/International\/wp-json\/wp\/v2\/posts"}],"about":[{"href":"https:\/\/linitiative.ca\/International\/wp-json\/wp\/v2\/types\/post"}],"author":[{"embeddable":true,"href":"https:\/\/linitiative.ca\/International\/wp-json\/wp\/v2\/users\/1759"}],"replies":[{"embeddable":true,"href":"https:\/\/linitiative.ca\/International\/wp-json\/wp\/v2\/comments?post=113493"}],"version-history":[{"count":0,"href":"https:\/\/linitiative.ca\/International\/wp-json\/wp\/v2\/posts\/113493\/revisions"}],"wp:attachment":[{"href":"https:\/\/linitiative.ca\/International\/wp-json\/wp\/v2\/media?parent=113493"}],"wp:term":[{"taxonomy":"category","embeddable":true,"href":"https:\/\/linitiative.ca\/International\/wp-json\/wp\/v2\/categories?post=113493"},{"taxonomy":"post_tag","embeddable":true,"href":"https:\/\/linitiative.ca\/International\/wp-json\/wp\/v2\/tags?post=113493"}],"curies":[{"name":"wp","href":"https:\/\/api.w.org\/{rel}","templated":true}]}}